{"id":8302,"date":"2025-07-23T16:49:23","date_gmt":"2025-07-23T14:49:23","guid":{"rendered":"https:\/\/glabs.me\/?p=8302"},"modified":"2025-07-23T16:59:55","modified_gmt":"2025-07-23T14:59:55","slug":"humaneroforras-optimalizalas-a-rakodasi-folyamatok-digitalizaciojaval-a-glabs-rakodas-management-megoldasaival","status":"publish","type":"post","link":"https:\/\/glabs.me\/hu\/humaneroforras-optimalizalas-a-rakodasi-folyamatok-digitalizaciojaval-a-glabs-rakodas-management-megoldasaival\/","title":{"rendered":"Hum\u00e1ner\u0151forr\u00e1s-optimaliz\u00e1l\u00e1s a rakod\u00e1si folyamatok digitaliz\u00e1ci\u00f3j\u00e1val &#8211; a GLABs Rakod\u00e1s Management megold\u00e1saival"},"content":{"rendered":"<p><span style=\"font-weight: 400;\">A GLABs rakod\u00e1s management megold\u00e1sokkal el\u00e9rt eredm\u00e9nyek nemcsak telephelyi folyamatok kialak\u00edt\u00e1s\u00e1ban \u00e9s optimaliz\u00e1l\u00e1s\u00e1ban l\u00e1that\u00f3ak. \u00dcgyfeleink tapasztalatai alapj\u00e1n a rendszer bevezet\u00e9s\u00e9vel t\u00f6bb ter\u00fcleten is jelent\u0151s k\u00f6lts\u00e9gmegtakar\u00edt\u00e1st tudnak el\u00e9rni, k\u00fcl\u00f6n\u00f6sen az emberier\u0151forr\u00e1s-r\u00e1ford\u00edt\u00e1s szempontj\u00e1b\u00f3l.<\/span><\/p>\n<p><span style=\"font-weight: 400;\">A rakod\u00e1sok tervez\u00e9s\u00e9vel, \u00fctemez\u00e9s\u00e9vel, egyszer\u0171bb \u00e9s gyorsabb kezel\u00e9s\u00e9vel sz\u00e1mos rakod\u00e1st \u00e9rint\u0151 folyamatot egyszer\u0171s\u00edt\u00fcnk \u00edgy a sz\u00e1ll\u00edt\u00e1sban \u00e9rintett r\u00e9sztvev\u0151k jelent\u0151s id\u0151megtakar\u00edt\u00e1st \u00e9rhetnek el hum\u00e1ner\u0151forr\u00e1s ter\u00fcleten. Ezzel nem csup\u00e1n az er\u0151forr\u00e1s-hat\u00e9konys\u00e1g n\u00f6velhet\u0151, hanem el\u0151seg\u00edti a megl\u00e9v\u0151 kapacit\u00e1s jobb kihaszn\u00e1l\u00e1s\u00e1t is.<\/span><\/p>\n<p><span style=\"font-weight: 400;\">F\u0151bb hat\u00e9konys\u00e1gn\u00f6vel\u0151 ter\u00fcletek:<\/span><\/p>\n<h3><b>Rakod\u00e1s tervez\u00e9s \u00e9s szervez\u00e9si ter\u00fclet<\/b><\/h3>\n<p><span style=\"font-weight: 400;\"><a href=\"https:\/\/glabs.me\/hu\/termekek\/transport-management\/\">Transport Management TMS modulunkkal<\/a> szoftveresen tarthatja nyilv\u00e1n c\u00e9g k\u00fcl\u00f6nb\u00f6z\u0151 ter\u00fcletein, pl. \u00e9rt\u00e9kes\u00edt\u00e9s, vagy beszerz\u00e9si ter\u00fcleten, felmer\u00fclt sz\u00e1ll\u00edt\u00e1si ig\u00e9nyeket. Rendszer\u00fcnk lehet\u0151s\u00e9get ad az egyes ter\u00fcletek sz\u00e1m\u00e1ra az ig\u00e9nyek standardiz\u00e1lt r\u00f6gz\u00edt\u00e9s\u00e9re, ig\u00e9nyek j\u00f3v\u00e1hagy\u00e1s\u00e1ra, szervez\u00e9si adatok nyilv\u00e1ntart\u00e1s\u00e1ra \u00e9s az ig\u00e9nyelt sz\u00e1ll\u00edt\u00e1s aktu\u00e1lis \u00e1llapot\u00e1nak nyomon k\u00f6vet\u00e9s\u00e9re. Kevesebb adminisztr\u00e1ci\u00f3s munk\u00e1val \u00e1tl\u00e1that\u00f3bban \u00e9s pontosabban tarthatja nyilv\u00e1n a sz\u00e1ll\u00edt\u00e1si ig\u00e9nyeket \u00e9s azok teljes\u00edt\u00e9s\u00e9t.<\/span><\/p>\n<p style=\"padding-left: 40px;\"><span style=\"font-weight: 400;\">Sz\u00e1m\u00edt\u00e1saink szerint a pontosabb munkav\u00e9gz\u00e9s mellett az id\u0151megtakar\u00edt\u00e1s kb. 8 perc\/sz\u00e1ll\u00edt\u00e1s.\u00a0<\/span><\/p>\n<p style=\"padding-left: 40px;\"><span style=\"font-weight: 400;\">\u00c1tlagosan napi 10 sz\u00e1ll\u00edt\u00e1s eset\u00e9n, kb.16% hum\u00e1ner\u0151forr\u00e1s- r\u00e1ford\u00edt\u00e1s cs\u00f6kken\u00e9s<\/span><\/p>\n<h3><b>Tervezhet\u0151s\u00e9g<\/b><\/h3>\n<p><span style=\"font-weight: 400;\"><a href=\"https:\/\/glabs.me\/hu\/termekek\/online-idokapu-rendszer\/\">Time Slot Management modul<\/a> lehet\u0151s\u00e9get ad a partnerek \u00e9s sz\u00e1ll\u00edtm\u00e1nyoz\u00f3k sz\u00e1m\u00e1ra, hogy a rakod\u00e1sok regisztr\u00e1ci\u00f3j\u00e1t \u00e9s rakod\u00e1s id\u0151pont foglal\u00e1st, a rendelkez\u00e9sre \u00e1ll\u00f3 szabad rakod\u00e1si kapacit\u00e1s \u00e9s az el\u0151re be\u00e1ll\u00edtott szab\u00e1lyrendszerek alapj\u00e1n a partnerek, sz\u00e1ll\u00edtm\u00e1nyoz\u00f3k v\u00e9gezz\u00e9k el.<\/span><\/p>\n<p><span style=\"font-weight: 400;\">Ezzel jelent\u0151sen cs\u00f6kken a rakt\u00e1ri adminisztr\u00e1ci\u00f3s ig\u00e9ny.<\/span><\/p>\n<p style=\"padding-left: 40px;\"><span style=\"font-weight: 400;\">Sz\u00e1m\u00edt\u00e1saink szerint az id\u0151megtakar\u00edt\u00e1s kb. 10 perc\/sz\u00e1ll\u00edt\u00e1s.\u00a0<\/span><\/p>\n<p style=\"padding-left: 40px;\"><span style=\"font-weight: 400;\">\u00c1tlagosan napi 10 sz\u00e1ll\u00edt\u00e1s eset\u00e9n kb. 20,8% hum\u00e1ner\u0151forr\u00e1s-r\u00e1ford\u00edt\u00e1s cs\u00f6kken\u00e9s.<\/span><\/p>\n<h3><b>Sz\u00e1ll\u00edt\u00e1s szervez\u00e9se \u00e9s deleg\u00e1l\u00e1sa<\/b><\/h3>\n<p><span style=\"font-weight: 400;\">A sz\u00e1ll\u00edt\u00e1s szervez\u0151k az el\u0151re r\u00f6gz\u00edtett sz\u00e1ll\u00edt\u00e1si ig\u00e9nyekb\u0151l, vagy a felmer\u00fcl\u0151 sz\u00e1ll\u00edt\u00e1si feladatb\u00f3l megszervezhetik a sz\u00e1ll\u00edt\u00e1st. Ezt a GLABs rendszeren kereszt\u00fcl egyszer\u0171en, online deleg\u00e1lhatj\u00e1k a fuvaroz\u00f3k sz\u00e1m\u00e1ra.<\/span><\/p>\n<p style=\"padding-left: 40px;\"><span style=\"font-weight: 400;\">Sz\u00e1m\u00edt\u00e1saink szerint az id\u0151megtakar\u00edt\u00e1s kb. 14 perc\/sz\u00e1ll\u00edt\u00e1s.\u00a0<\/span><\/p>\n<p style=\"padding-left: 40px;\"><span style=\"font-weight: 400;\">\u00c1tlagosan napi 10 sz\u00e1ll\u00edt\u00e1s eset\u00e9n kb. 29% hum\u00e1ner\u0151forr\u00e1s-r\u00e1ford\u00edt\u00e1s cs\u00f6kken\u00e9s.<\/span><\/p>\n<h3><b>Portai folyamat<\/b><\/h3>\n<p><span style=\"font-weight: 400;\">A portai be- \u00e9s kil\u00e9ptet\u00e9s minden telephely sz\u00e1m\u00e1ra fontos, kihagyhatatlan feladat, de a folyamat automatiz\u00e1l\u00e1s\u00e1val itt is jelent\u0151s optimaliz\u00e1l\u00e1s \u00e9rhet\u0151 el.\u00a0<\/span><\/p>\n<p><span style=\"font-weight: 400;\">Portai ellen\u0151rz\u00e9s eset\u00e9n a bejelentkez\u00e9si \u00e9s az ellen\u0151rz\u00e9si folyamat digitaliz\u00e1l\u00e1s\u00e1val, az azonos\u00edt\u00e1si folyamat t\u00e1mogat\u00e1s\u00e1val jelent\u0151sen gyors\u00edthat\u00f3 \u00e9s egyszer\u0171s\u00edthet\u0151 a portai munkav\u00e9gz\u00e9s.\u00a0<\/span><\/p>\n<p><span style=\"font-weight: 400;\"><a href=\"https:\/\/glabs.me\/hu\/termekek\/automatikus-beleptetes\/\">Automatikus rendsz\u00e1mfelismer\u0151 rendszer (ANPR)<\/a> \u00e9s automata soromp\u00f3 eset\u00e9n gyors\u00edthat\u00f3 a telephelyre t\u00f6rt\u00e9n\u0151 bel\u00e9p\u00e9s, vagy onnan t\u00f6rt\u00e9n\u0151 kil\u00e9p\u00e9si folyamat is. Ennek hat\u00e1s\u00e1ra cs\u00f6kken a szem\u00e9lyzet terhel\u00e9se, \u00e9s optimaliz\u00e1lhat\u00f3 a portai jelenl\u00e9t m\u00e9rt\u00e9ke.<\/span><\/p>\n<p style=\"padding-left: 40px;\"><span style=\"font-weight: 400;\">Sz\u00e1m\u00edt\u00e1saink szerint az id\u0151megtakar\u00edt\u00e1s kb. 4 perc\/sz\u00e1ll\u00edt\u00e1s.\u00a0<\/span><\/p>\n<p style=\"padding-left: 40px;\"><span style=\"font-weight: 400;\">\u00c1tlagosan napi 10 sz\u00e1ll\u00edt\u00e1s eset\u00e9n kb. 8% hum\u00e1ner\u0151forr\u00e1s-r\u00e1ford\u00edt\u00e1s cs\u00f6kken\u00e9s.<\/span><\/p>\n<h3><b>Rakod\u00e1s kezel\u00e9se \u00e9s ir\u00e1ny\u00edt\u00e1sa<\/b><\/h3>\n<p><span style=\"font-weight: 400;\">A <a href=\"https:\/\/glabs.me\/hu\/termekek\/kamionhivas\/\">GLABs kamionh\u00edv\u00f3 modul<\/a> (K\u00fclt\u00e9ri kijelz\u0151, Kamionh\u00edv\u00e1s mobilapplik\u00e1ci\u00f3, SMS kamionh\u00edv\u00e1s) egyszer\u0171v\u00e9 \u00e9s g\u00f6rd\u00fcl\u00e9kenny\u00e9 teszi a telephelyre \u00e9rkez\u0151 g\u00e9pj\u00e1rm\u0171vek ir\u00e1ny\u00edt\u00e1s\u00e1t.\u00a0<\/span><\/p>\n<p><span style=\"font-weight: 400;\">Ezekkel elker\u00fclve az er\u0151forr\u00e1s allok\u00e1l\u00e1s\u00e1t a j\u00e1rm\u0171vek ir\u00e1ny\u00edt\u00e1s\u00e1hoz.<\/span><\/p>\n<p style=\"padding-left: 40px;\"><span style=\"font-weight: 400;\">Sz\u00e1m\u00edt\u00e1saink szerint az id\u0151megtakar\u00edt\u00e1s kb. 3 perc\/sz\u00e1ll\u00edt\u00e1s.\u00a0<\/span><\/p>\n<p style=\"padding-left: 40px;\"><span style=\"font-weight: 400;\">\u00c1tlagosan napi 10 sz\u00e1ll\u00edt\u00e1s eset\u00e9n kb. 6% hum\u00e1ner\u0151forr\u00e1s-r\u00e1ford\u00edt\u00e1s cs\u00f6kken\u00e9s.<\/span><\/p>\n<h3><b>Rakod\u00e1si munka<\/b><\/h3>\n<p><span style=\"font-weight: 400;\">Az id\u0151kapu \u00e9s <a href=\"https:\/\/glabs.me\/hu\/termekek\/yard-management\/\">yard management<\/a> megold\u00e1sok nem a rakod\u00e1si id\u0151 hossz\u00e1t, hanem az er\u0151forr\u00e1sok kihaszn\u00e1lts\u00e1g\u00e1t jav\u00edtj\u00e1k.\u00a0<\/span><\/p>\n<p><span style=\"font-weight: 400;\">A sz\u00e1ll\u00edt\u00e1si cs\u00facsid\u0151k el\u0151re tervezhet\u0151s\u00e9ge r\u00e9v\u00e9n (er\u0151forr\u00e1sok \u00e9s nyitvatart\u00e1sok kezel\u00e9se) cs\u00f6kkenthet\u0151 az \u00fcresj\u00e1rati id\u0151 a rakt\u00e1rban, optimaliz\u00e1lva ezzel a rakt\u00e1ri dolgoz\u00f3k beoszt\u00e1s\u00e1t az aktu\u00e1lis forgalomhoz. Ez rakod\u00e1si hat\u00e9konys\u00e1gban \u00e9s hum\u00e1n er\u0151forr\u00e1sban is megjelen\u0151 v\u00e1ltoz\u00e1sokat hoz.<\/span><\/p>\n<p style=\"padding-left: 40px;\"><span style=\"font-weight: 400;\">Sz\u00e1m\u00edt\u00e1saink szerint a hat\u00e9konys\u00e1g n\u00f6veked\u00e9s + 1 rakod\u00e1s\/nap\u00a0<\/span><\/p>\n<p style=\"padding-left: 40px;\"><span style=\"font-weight: 400;\">\u00c1tlagosan napi 10 sz\u00e1ll\u00edt\u00e1s eset\u00e9n kb. 10<\/span><span style=\"font-weight: 400;\">% hum\u00e1ner\u0151forr\u00e1s-r\u00e1ford\u00edt\u00e1s cs\u00f6kken\u00e9s.<\/span><\/p>\n<h3><b>Dokumentum kezel\u00e9s<\/b><\/h3>\n<p><span style=\"font-weight: 400;\">A dokumentumkezel\u00e9s id\u0151ig\u00e9nye \u00e9s gyorsas\u00e1ga kev\u00e9sb\u00e9 cs\u00f6kkenthet\u0151, a munkav\u00e9gz\u00e9s m\u00f3dja viszont hat\u00e9konyabb\u00e1 tehet\u0151. A GLABs rendszeren kereszt\u00fcli dokumentum tov\u00e1bb\u00edt\u00e1s az e-mailek k\u00fcld\u00e9s\u00e9t, dokumentum \u00e1tv\u00e9telre k\u00fcld\u00f6tt \u00e9rtes\u00edt\u00e9s pedig a szem\u00e9lyes megkeres\u00e9st v\u00e1lthatja ki, \u00edgy egyszer\u0171s\u00edtve a folyamatot.<\/span><\/p>\n<p style=\"padding-left: 40px;\"><span style=\"font-weight: 400;\">Sz\u00e1m\u00edt\u00e1saink szerint az id\u0151megtakar\u00edt\u00e1s kb. 8 perc\/sz\u00e1ll\u00edt\u00e1s.\u00a0<\/span><\/p>\n<p style=\"padding-left: 40px;\"><span style=\"font-weight: 400;\">\u00c1tlagosan napi 10 sz\u00e1ll\u00edt\u00e1s eset\u00e9n kb. 16% hum\u00e1ner\u0151forr\u00e1s-r\u00e1ford\u00edt\u00e1s cs\u00f6kken\u00e9s.<\/span><\/p>\n<p>&nbsp;<\/p>\n<p><span style=\"font-weight: 400;\">A GLABS hat\u00e9kony eszk\u00f6z arra, hogy a logisztikai \u00e9s rakt\u00e1ri csapatok hat\u00e9konyabban dolgozhassanak: jobban kihaszn\u00e1lhat\u00f3 kapacit\u00e1sokkal, kevesebb adminisztr\u00e1ci\u00f3val \u00e9s kiegyens\u00falyozottabb terhel\u00e9ssel.<\/span><\/p>\n","protected":false},"excerpt":{"rendered":"<p>A GLABs rakod\u00e1s management megold\u00e1sokkal el\u00e9rt eredm\u00e9nyek nemcsak telephelyi folyamatok kialak\u00edt\u00e1s\u00e1ban \u00e9s optimaliz\u00e1l\u00e1s\u00e1ban l\u00e1that\u00f3ak. \u00dcgyfeleink tapasztalatai alapj\u00e1n a rendszer bevezet\u00e9s\u00e9vel t\u00f6bb ter\u00fcleten is jelent\u0151s k\u00f6lts\u00e9gmegtakar\u00edt\u00e1st tudnak el\u00e9rni, k\u00fcl\u00f6n\u00f6sen az emberier\u0151forr\u00e1s-r\u00e1ford\u00edt\u00e1s szempontj\u00e1b\u00f3l.<\/p>\n","protected":false},"author":3,"featured_media":8303,"comment_status":"closed","ping_status":"closed","sticky":false,"template":"","format":"standard","meta":{"footnotes":""},"categories":[334],"tags":[335,42,338,336,337,340,339,341],"class_list":["post-8302","post","type-post","status-publish","format-standard","has-post-thumbnail","hentry","category-esettanulmany","tag-eroforras","tag-eroforras-optimalizalas","tag-glabs-anpr","tag-glabs-idokapu","tag-glabs-yard-management","tag-kamionhivas","tag-rakodas-kezeles","tag-rakodas-tervezes","category-334","description-off"],"yoast_head":"<!-- This site is optimized with the Yoast SEO plugin v27.7 - https:\/\/yoast.com\/product\/yoast-seo-wordpress\/ -->\n<title>Hum\u00e1ner\u0151forr\u00e1s-optimaliz\u00e1l\u00e1s a rakod\u00e1si folyamatok digitaliz\u00e1ci\u00f3j\u00e1val - a GLABs Rakod\u00e1s Management megold\u00e1saival - GLABs - Rakod\u00e1s Management Megold\u00e1sok<\/title>\n<meta name=\"description\" content=\"A GLABs rakod\u00e1s management megold\u00e1sokkal jelent\u0151s k\u00f6lts\u00e9gmegtakar\u00edt\u00e1s \u00e9rhet\u0151 el, k\u00fcl\u00f6n\u00f6sen az emberier\u0151forr\u00e1s-r\u00e1ford\u00edt\u00e1s ter\u00fcleten.\" \/>\n<meta name=\"robots\" content=\"index, follow, max-snippet:-1, max-image-preview:large, max-video-preview:-1\" \/>\n<link rel=\"canonical\" href=\"https:\/\/glabs.me\/hu\/humaneroforras-optimalizalas-a-rakodasi-folyamatok-digitalizaciojaval-a-glabs-rakodas-management-megoldasaival\/\" \/>\n<meta property=\"og:locale\" content=\"hu_HU\" \/>\n<meta property=\"og:type\" content=\"article\" \/>\n<meta property=\"og:title\" content=\"Hum\u00e1ner\u0151forr\u00e1s-optimaliz\u00e1l\u00e1s a rakod\u00e1si folyamatok digitaliz\u00e1ci\u00f3j\u00e1val - a GLABs Rakod\u00e1s Management megold\u00e1saival - GLABs - Rakod\u00e1s Management Megold\u00e1sok\" \/>\n<meta property=\"og:description\" content=\"A GLABs rakod\u00e1s management megold\u00e1sokkal jelent\u0151s k\u00f6lts\u00e9gmegtakar\u00edt\u00e1s \u00e9rhet\u0151 el, k\u00fcl\u00f6n\u00f6sen az emberier\u0151forr\u00e1s-r\u00e1ford\u00edt\u00e1s ter\u00fcleten.\" \/>\n<meta property=\"og:url\" content=\"https:\/\/glabs.me\/hu\/humaneroforras-optimalizalas-a-rakodasi-folyamatok-digitalizaciojaval-a-glabs-rakodas-management-megoldasaival\/\" \/>\n<meta property=\"og:site_name\" content=\"GLABs - Rakod\u00e1s Management Megold\u00e1sok\" \/>\n<meta property=\"article:publisher\" content=\"https:\/\/www.facebook.com\/GLABs.software\" \/>\n<meta property=\"article:published_time\" content=\"2025-07-23T14:49:23+00:00\" \/>\n<meta property=\"article:modified_time\" content=\"2025-07-23T14:59:55+00:00\" \/>\n<meta property=\"og:image\" content=\"https:\/\/glabs.me\/wp-content\/uploads\/2025\/07\/humaneroforras.webp\" \/>\n\t<meta property=\"og:image:width\" content=\"1920\" \/>\n\t<meta property=\"og:image:height\" content=\"960\" \/>\n\t<meta property=\"og:image:type\" content=\"image\/webp\" \/>\n<meta name=\"author\" content=\"Fanni Csiki\" \/>\n<meta name=\"twitter:card\" content=\"summary_large_image\" \/>\n<meta name=\"twitter:label1\" content=\"Szerz\u0151:\" \/>\n\t<meta name=\"twitter:data1\" content=\"Fanni Csiki\" \/>\n\t<meta name=\"twitter:label2\" content=\"Becs\u00fclt olvas\u00e1si id\u0151\" \/>\n\t<meta name=\"twitter:data2\" content=\"3 perc\" \/>\n<script type=\"application\/ld+json\" class=\"yoast-schema-graph\">{\"@context\":\"https:\\\/\\\/schema.org\",\"@graph\":[{\"@type\":\"Article\",\"@id\":\"https:\\\/\\\/glabs.me\\\/hu\\\/humaneroforras-optimalizalas-a-rakodasi-folyamatok-digitalizaciojaval-a-glabs-rakodas-management-megoldasaival\\\/#article\",\"isPartOf\":{\"@id\":\"https:\\\/\\\/glabs.me\\\/hu\\\/humaneroforras-optimalizalas-a-rakodasi-folyamatok-digitalizaciojaval-a-glabs-rakodas-management-megoldasaival\\\/\"},\"author\":{\"name\":\"Fanni Csiki\",\"@id\":\"https:\\\/\\\/glabs.me\\\/hu\\\/#\\\/schema\\\/person\\\/a3b785b09d1f3c6af28ea26e660b3c72\"},\"headline\":\"Hum\u00e1ner\u0151forr\u00e1s-optimaliz\u00e1l\u00e1s a rakod\u00e1si folyamatok digitaliz\u00e1ci\u00f3j\u00e1val &#8211; a GLABs Rakod\u00e1s Management megold\u00e1saival\",\"datePublished\":\"2025-07-23T14:49:23+00:00\",\"dateModified\":\"2025-07-23T14:59:55+00:00\",\"mainEntityOfPage\":{\"@id\":\"https:\\\/\\\/glabs.me\\\/hu\\\/humaneroforras-optimalizalas-a-rakodasi-folyamatok-digitalizaciojaval-a-glabs-rakodas-management-megoldasaival\\\/\"},\"wordCount\":1077,\"publisher\":{\"@id\":\"https:\\\/\\\/glabs.me\\\/hu\\\/#organization\"},\"image\":{\"@id\":\"https:\\\/\\\/glabs.me\\\/hu\\\/humaneroforras-optimalizalas-a-rakodasi-folyamatok-digitalizaciojaval-a-glabs-rakodas-management-megoldasaival\\\/#primaryimage\"},\"thumbnailUrl\":\"https:\\\/\\\/glabs.me\\\/wp-content\\\/uploads\\\/2025\\\/07\\\/humaneroforras.webp\",\"keywords\":[\"Er\u0151forr\u00e1s\",\"Er\u0151forr\u00e1s Optimaliz\u00e1l\u00e1s\",\"GLABS ANPR\",\"GLABs id\u0151kapu\",\"GLABs yard management\",\"Kamionh\u00edv\u00e1s\",\"rakod\u00e1s kezel\u00e9s\",\"rakod\u00e1s tervez\u00e9s\"],\"articleSection\":[\"Esettanulm\u00e1ny\"],\"inLanguage\":\"hu\"},{\"@type\":\"WebPage\",\"@id\":\"https:\\\/\\\/glabs.me\\\/hu\\\/humaneroforras-optimalizalas-a-rakodasi-folyamatok-digitalizaciojaval-a-glabs-rakodas-management-megoldasaival\\\/\",\"url\":\"https:\\\/\\\/glabs.me\\\/hu\\\/humaneroforras-optimalizalas-a-rakodasi-folyamatok-digitalizaciojaval-a-glabs-rakodas-management-megoldasaival\\\/\",\"name\":\"Hum\u00e1ner\u0151forr\u00e1s-optimaliz\u00e1l\u00e1s a rakod\u00e1si folyamatok digitaliz\u00e1ci\u00f3j\u00e1val - a GLABs Rakod\u00e1s Management megold\u00e1saival - GLABs - Rakod\u00e1s Management Megold\u00e1sok\",\"isPartOf\":{\"@id\":\"https:\\\/\\\/glabs.me\\\/hu\\\/#website\"},\"primaryImageOfPage\":{\"@id\":\"https:\\\/\\\/glabs.me\\\/hu\\\/humaneroforras-optimalizalas-a-rakodasi-folyamatok-digitalizaciojaval-a-glabs-rakodas-management-megoldasaival\\\/#primaryimage\"},\"image\":{\"@id\":\"https:\\\/\\\/glabs.me\\\/hu\\\/humaneroforras-optimalizalas-a-rakodasi-folyamatok-digitalizaciojaval-a-glabs-rakodas-management-megoldasaival\\\/#primaryimage\"},\"thumbnailUrl\":\"https:\\\/\\\/glabs.me\\\/wp-content\\\/uploads\\\/2025\\\/07\\\/humaneroforras.webp\",\"datePublished\":\"2025-07-23T14:49:23+00:00\",\"dateModified\":\"2025-07-23T14:59:55+00:00\",\"description\":\"A GLABs rakod\u00e1s management megold\u00e1sokkal jelent\u0151s k\u00f6lts\u00e9gmegtakar\u00edt\u00e1s \u00e9rhet\u0151 el, k\u00fcl\u00f6n\u00f6sen az emberier\u0151forr\u00e1s-r\u00e1ford\u00edt\u00e1s ter\u00fcleten.\",\"breadcrumb\":{\"@id\":\"https:\\\/\\\/glabs.me\\\/hu\\\/humaneroforras-optimalizalas-a-rakodasi-folyamatok-digitalizaciojaval-a-glabs-rakodas-management-megoldasaival\\\/#breadcrumb\"},\"inLanguage\":\"hu\",\"potentialAction\":[{\"@type\":\"ReadAction\",\"target\":[\"https:\\\/\\\/glabs.me\\\/hu\\\/humaneroforras-optimalizalas-a-rakodasi-folyamatok-digitalizaciojaval-a-glabs-rakodas-management-megoldasaival\\\/\"]}]},{\"@type\":\"ImageObject\",\"inLanguage\":\"hu\",\"@id\":\"https:\\\/\\\/glabs.me\\\/hu\\\/humaneroforras-optimalizalas-a-rakodasi-folyamatok-digitalizaciojaval-a-glabs-rakodas-management-megoldasaival\\\/#primaryimage\",\"url\":\"https:\\\/\\\/glabs.me\\\/wp-content\\\/uploads\\\/2025\\\/07\\\/humaneroforras.webp\",\"contentUrl\":\"https:\\\/\\\/glabs.me\\\/wp-content\\\/uploads\\\/2025\\\/07\\\/humaneroforras.webp\",\"width\":1920,\"height\":960,\"caption\":\"hum\u00e1ner\u0151forr\u00e1s-optimaliz\u00e1l\u00e1s GLABs-szel\"},{\"@type\":\"BreadcrumbList\",\"@id\":\"https:\\\/\\\/glabs.me\\\/hu\\\/humaneroforras-optimalizalas-a-rakodasi-folyamatok-digitalizaciojaval-a-glabs-rakodas-management-megoldasaival\\\/#breadcrumb\",\"itemListElement\":[{\"@type\":\"ListItem\",\"position\":1,\"name\":\"Kezd\u0151lap\",\"item\":\"https:\\\/\\\/glabs.me\\\/hu\\\/\"},{\"@type\":\"ListItem\",\"position\":2,\"name\":\"Hum\u00e1ner\u0151forr\u00e1s-optimaliz\u00e1l\u00e1s a rakod\u00e1si folyamatok digitaliz\u00e1ci\u00f3j\u00e1val &#8211; a GLABs Rakod\u00e1s Management megold\u00e1saival\"}]},{\"@type\":\"WebSite\",\"@id\":\"https:\\\/\\\/glabs.me\\\/hu\\\/#website\",\"url\":\"https:\\\/\\\/glabs.me\\\/hu\\\/\",\"name\":\"GLABs - Rakod\u00e1s Management Megold\u00e1sok\",\"description\":\"\",\"publisher\":{\"@id\":\"https:\\\/\\\/glabs.me\\\/hu\\\/#organization\"},\"potentialAction\":[{\"@type\":\"SearchAction\",\"target\":{\"@type\":\"EntryPoint\",\"urlTemplate\":\"https:\\\/\\\/glabs.me\\\/hu\\\/?s={search_term_string}\"},\"query-input\":{\"@type\":\"PropertyValueSpecification\",\"valueRequired\":true,\"valueName\":\"search_term_string\"}}],\"inLanguage\":\"hu\"},{\"@type\":\"Organization\",\"@id\":\"https:\\\/\\\/glabs.me\\\/hu\\\/#organization\",\"name\":\"GLABs LSS\",\"alternateName\":\"GLABs\",\"url\":\"https:\\\/\\\/glabs.me\\\/hu\\\/\",\"logo\":{\"@type\":\"ImageObject\",\"inLanguage\":\"hu\",\"@id\":\"https:\\\/\\\/glabs.me\\\/hu\\\/#\\\/schema\\\/logo\\\/image\\\/\",\"url\":\"https:\\\/\\\/dev-glabsme.srv1.clbr.hu\\\/wp-content\\\/uploads\\\/2022\\\/06\\\/GLABs.svg\",\"contentUrl\":\"https:\\\/\\\/dev-glabsme.srv1.clbr.hu\\\/wp-content\\\/uploads\\\/2022\\\/06\\\/GLABs.svg\",\"width\":\"68\",\"height\":\"35\",\"caption\":\"GLABs LSS\"},\"image\":{\"@id\":\"https:\\\/\\\/glabs.me\\\/hu\\\/#\\\/schema\\\/logo\\\/image\\\/\"},\"sameAs\":[\"https:\\\/\\\/www.facebook.com\\\/GLABs.software\",\"https:\\\/\\\/www.youtube.com\\\/@GLABs\",\"https:\\\/\\\/www.linkedin.com\\\/company\\\/glabs\\\/\"]},{\"@type\":\"Person\",\"@id\":\"https:\\\/\\\/glabs.me\\\/hu\\\/#\\\/schema\\\/person\\\/a3b785b09d1f3c6af28ea26e660b3c72\",\"name\":\"Fanni Csiki\",\"sameAs\":[\"https:\\\/\\\/glbas.me\"],\"url\":\"https:\\\/\\\/glabs.me\\\/hu\\\/author\\\/csikif\\\/\"}]}<\/script>\n<!-- \/ Yoast SEO plugin. -->","yoast_head_json":{"title":"Hum\u00e1ner\u0151forr\u00e1s-optimaliz\u00e1l\u00e1s a rakod\u00e1si folyamatok digitaliz\u00e1ci\u00f3j\u00e1val - a GLABs Rakod\u00e1s Management megold\u00e1saival - GLABs - Rakod\u00e1s Management Megold\u00e1sok","description":"A GLABs rakod\u00e1s management megold\u00e1sokkal jelent\u0151s k\u00f6lts\u00e9gmegtakar\u00edt\u00e1s \u00e9rhet\u0151 el, k\u00fcl\u00f6n\u00f6sen az emberier\u0151forr\u00e1s-r\u00e1ford\u00edt\u00e1s ter\u00fcleten.","robots":{"index":"index","follow":"follow","max-snippet":"max-snippet:-1","max-image-preview":"max-image-preview:large","max-video-preview":"max-video-preview:-1"},"canonical":"https:\/\/glabs.me\/hu\/humaneroforras-optimalizalas-a-rakodasi-folyamatok-digitalizaciojaval-a-glabs-rakodas-management-megoldasaival\/","og_locale":"hu_HU","og_type":"article","og_title":"Hum\u00e1ner\u0151forr\u00e1s-optimaliz\u00e1l\u00e1s a rakod\u00e1si folyamatok digitaliz\u00e1ci\u00f3j\u00e1val - a GLABs Rakod\u00e1s Management megold\u00e1saival - GLABs - Rakod\u00e1s Management Megold\u00e1sok","og_description":"A GLABs rakod\u00e1s management megold\u00e1sokkal jelent\u0151s k\u00f6lts\u00e9gmegtakar\u00edt\u00e1s \u00e9rhet\u0151 el, k\u00fcl\u00f6n\u00f6sen az emberier\u0151forr\u00e1s-r\u00e1ford\u00edt\u00e1s ter\u00fcleten.","og_url":"https:\/\/glabs.me\/hu\/humaneroforras-optimalizalas-a-rakodasi-folyamatok-digitalizaciojaval-a-glabs-rakodas-management-megoldasaival\/","og_site_name":"GLABs - Rakod\u00e1s Management Megold\u00e1sok","article_publisher":"https:\/\/www.facebook.com\/GLABs.software","article_published_time":"2025-07-23T14:49:23+00:00","article_modified_time":"2025-07-23T14:59:55+00:00","og_image":[{"width":1920,"height":960,"url":"https:\/\/glabs.me\/wp-content\/uploads\/2025\/07\/humaneroforras.webp","type":"image\/webp"}],"author":"Fanni Csiki","twitter_card":"summary_large_image","twitter_misc":{"Szerz\u0151:":"Fanni Csiki","Becs\u00fclt olvas\u00e1si id\u0151":"3 perc"},"schema":{"@context":"https:\/\/schema.org","@graph":[{"@type":"Article","@id":"https:\/\/glabs.me\/hu\/humaneroforras-optimalizalas-a-rakodasi-folyamatok-digitalizaciojaval-a-glabs-rakodas-management-megoldasaival\/#article","isPartOf":{"@id":"https:\/\/glabs.me\/hu\/humaneroforras-optimalizalas-a-rakodasi-folyamatok-digitalizaciojaval-a-glabs-rakodas-management-megoldasaival\/"},"author":{"name":"Fanni Csiki","@id":"https:\/\/glabs.me\/hu\/#\/schema\/person\/a3b785b09d1f3c6af28ea26e660b3c72"},"headline":"Hum\u00e1ner\u0151forr\u00e1s-optimaliz\u00e1l\u00e1s a rakod\u00e1si folyamatok digitaliz\u00e1ci\u00f3j\u00e1val &#8211; a GLABs Rakod\u00e1s Management megold\u00e1saival","datePublished":"2025-07-23T14:49:23+00:00","dateModified":"2025-07-23T14:59:55+00:00","mainEntityOfPage":{"@id":"https:\/\/glabs.me\/hu\/humaneroforras-optimalizalas-a-rakodasi-folyamatok-digitalizaciojaval-a-glabs-rakodas-management-megoldasaival\/"},"wordCount":1077,"publisher":{"@id":"https:\/\/glabs.me\/hu\/#organization"},"image":{"@id":"https:\/\/glabs.me\/hu\/humaneroforras-optimalizalas-a-rakodasi-folyamatok-digitalizaciojaval-a-glabs-rakodas-management-megoldasaival\/#primaryimage"},"thumbnailUrl":"https:\/\/glabs.me\/wp-content\/uploads\/2025\/07\/humaneroforras.webp","keywords":["Er\u0151forr\u00e1s","Er\u0151forr\u00e1s Optimaliz\u00e1l\u00e1s","GLABS ANPR","GLABs id\u0151kapu","GLABs yard management","Kamionh\u00edv\u00e1s","rakod\u00e1s kezel\u00e9s","rakod\u00e1s tervez\u00e9s"],"articleSection":["Esettanulm\u00e1ny"],"inLanguage":"hu"},{"@type":"WebPage","@id":"https:\/\/glabs.me\/hu\/humaneroforras-optimalizalas-a-rakodasi-folyamatok-digitalizaciojaval-a-glabs-rakodas-management-megoldasaival\/","url":"https:\/\/glabs.me\/hu\/humaneroforras-optimalizalas-a-rakodasi-folyamatok-digitalizaciojaval-a-glabs-rakodas-management-megoldasaival\/","name":"Hum\u00e1ner\u0151forr\u00e1s-optimaliz\u00e1l\u00e1s a rakod\u00e1si folyamatok digitaliz\u00e1ci\u00f3j\u00e1val - a GLABs Rakod\u00e1s Management megold\u00e1saival - GLABs - Rakod\u00e1s Management Megold\u00e1sok","isPartOf":{"@id":"https:\/\/glabs.me\/hu\/#website"},"primaryImageOfPage":{"@id":"https:\/\/glabs.me\/hu\/humaneroforras-optimalizalas-a-rakodasi-folyamatok-digitalizaciojaval-a-glabs-rakodas-management-megoldasaival\/#primaryimage"},"image":{"@id":"https:\/\/glabs.me\/hu\/humaneroforras-optimalizalas-a-rakodasi-folyamatok-digitalizaciojaval-a-glabs-rakodas-management-megoldasaival\/#primaryimage"},"thumbnailUrl":"https:\/\/glabs.me\/wp-content\/uploads\/2025\/07\/humaneroforras.webp","datePublished":"2025-07-23T14:49:23+00:00","dateModified":"2025-07-23T14:59:55+00:00","description":"A GLABs rakod\u00e1s management megold\u00e1sokkal jelent\u0151s k\u00f6lts\u00e9gmegtakar\u00edt\u00e1s \u00e9rhet\u0151 el, k\u00fcl\u00f6n\u00f6sen az emberier\u0151forr\u00e1s-r\u00e1ford\u00edt\u00e1s ter\u00fcleten.","breadcrumb":{"@id":"https:\/\/glabs.me\/hu\/humaneroforras-optimalizalas-a-rakodasi-folyamatok-digitalizaciojaval-a-glabs-rakodas-management-megoldasaival\/#breadcrumb"},"inLanguage":"hu","potentialAction":[{"@type":"ReadAction","target":["https:\/\/glabs.me\/hu\/humaneroforras-optimalizalas-a-rakodasi-folyamatok-digitalizaciojaval-a-glabs-rakodas-management-megoldasaival\/"]}]},{"@type":"ImageObject","inLanguage":"hu","@id":"https:\/\/glabs.me\/hu\/humaneroforras-optimalizalas-a-rakodasi-folyamatok-digitalizaciojaval-a-glabs-rakodas-management-megoldasaival\/#primaryimage","url":"https:\/\/glabs.me\/wp-content\/uploads\/2025\/07\/humaneroforras.webp","contentUrl":"https:\/\/glabs.me\/wp-content\/uploads\/2025\/07\/humaneroforras.webp","width":1920,"height":960,"caption":"hum\u00e1ner\u0151forr\u00e1s-optimaliz\u00e1l\u00e1s GLABs-szel"},{"@type":"BreadcrumbList","@id":"https:\/\/glabs.me\/hu\/humaneroforras-optimalizalas-a-rakodasi-folyamatok-digitalizaciojaval-a-glabs-rakodas-management-megoldasaival\/#breadcrumb","itemListElement":[{"@type":"ListItem","position":1,"name":"Kezd\u0151lap","item":"https:\/\/glabs.me\/hu\/"},{"@type":"ListItem","position":2,"name":"Hum\u00e1ner\u0151forr\u00e1s-optimaliz\u00e1l\u00e1s a rakod\u00e1si folyamatok digitaliz\u00e1ci\u00f3j\u00e1val &#8211; a GLABs Rakod\u00e1s Management megold\u00e1saival"}]},{"@type":"WebSite","@id":"https:\/\/glabs.me\/hu\/#website","url":"https:\/\/glabs.me\/hu\/","name":"GLABs - Rakod\u00e1s Management Megold\u00e1sok","description":"","publisher":{"@id":"https:\/\/glabs.me\/hu\/#organization"},"potentialAction":[{"@type":"SearchAction","target":{"@type":"EntryPoint","urlTemplate":"https:\/\/glabs.me\/hu\/?s={search_term_string}"},"query-input":{"@type":"PropertyValueSpecification","valueRequired":true,"valueName":"search_term_string"}}],"inLanguage":"hu"},{"@type":"Organization","@id":"https:\/\/glabs.me\/hu\/#organization","name":"GLABs LSS","alternateName":"GLABs","url":"https:\/\/glabs.me\/hu\/","logo":{"@type":"ImageObject","inLanguage":"hu","@id":"https:\/\/glabs.me\/hu\/#\/schema\/logo\/image\/","url":"https:\/\/dev-glabsme.srv1.clbr.hu\/wp-content\/uploads\/2022\/06\/GLABs.svg","contentUrl":"https:\/\/dev-glabsme.srv1.clbr.hu\/wp-content\/uploads\/2022\/06\/GLABs.svg","width":"68","height":"35","caption":"GLABs LSS"},"image":{"@id":"https:\/\/glabs.me\/hu\/#\/schema\/logo\/image\/"},"sameAs":["https:\/\/www.facebook.com\/GLABs.software","https:\/\/www.youtube.com\/@GLABs","https:\/\/www.linkedin.com\/company\/glabs\/"]},{"@type":"Person","@id":"https:\/\/glabs.me\/hu\/#\/schema\/person\/a3b785b09d1f3c6af28ea26e660b3c72","name":"Fanni Csiki","sameAs":["https:\/\/glbas.me"],"url":"https:\/\/glabs.me\/hu\/author\/csikif\/"}]}},"_links":{"self":[{"href":"https:\/\/glabs.me\/hu\/wp-json\/wp\/v2\/posts\/8302","targetHints":{"allow":["GET"]}}],"collection":[{"href":"https:\/\/glabs.me\/hu\/wp-json\/wp\/v2\/posts"}],"about":[{"href":"https:\/\/glabs.me\/hu\/wp-json\/wp\/v2\/types\/post"}],"author":[{"embeddable":true,"href":"https:\/\/glabs.me\/hu\/wp-json\/wp\/v2\/users\/3"}],"replies":[{"embeddable":true,"href":"https:\/\/glabs.me\/hu\/wp-json\/wp\/v2\/comments?post=8302"}],"version-history":[{"count":4,"href":"https:\/\/glabs.me\/hu\/wp-json\/wp\/v2\/posts\/8302\/revisions"}],"predecessor-version":[{"id":8309,"href":"https:\/\/glabs.me\/hu\/wp-json\/wp\/v2\/posts\/8302\/revisions\/8309"}],"wp:featuredmedia":[{"embeddable":true,"href":"https:\/\/glabs.me\/hu\/wp-json\/wp\/v2\/media\/8303"}],"wp:attachment":[{"href":"https:\/\/glabs.me\/hu\/wp-json\/wp\/v2\/media?parent=8302"}],"wp:term":[{"taxonomy":"category","embeddable":true,"href":"https:\/\/glabs.me\/hu\/wp-json\/wp\/v2\/categories?post=8302"},{"taxonomy":"post_tag","embeddable":true,"href":"https:\/\/glabs.me\/hu\/wp-json\/wp\/v2\/tags?post=8302"}],"curies":[{"name":"wp","href":"https:\/\/api.w.org\/{rel}","templated":true}]}}