{"id":82,"date":"2021-02-03T08:00:43","date_gmt":"2021-02-03T06:00:43","guid":{"rendered":"https:\/\/ujdomain.hu\/?p=82"},"modified":"2024-07-17T14:11:57","modified_gmt":"2024-07-17T12:11:57","slug":"a-pontos-eroforras-tervezes-a-kkv-szektorban-dolgozokat-is-tamogatja","status":"publish","type":"post","link":"https:\/\/glabs.me\/hu\/a-pontos-eroforras-tervezes-a-kkv-szektorban-dolgozokat-is-tamogatja\/","title":{"rendered":"A pontos er\u0151forr\u00e1s-tervez\u00e9s a kkv szektorban dolgoz\u00f3kat is t\u00e1mogatja"},"content":{"rendered":"<p><strong>Magyarorsz\u00e1gon a hat\u00e1rz\u00e1rak, z\u00e1rlatok, le\u00e1ll\u00e1sok jelent\u0151s k\u00e1rt okoztak a gazdas\u00e1gi n\u00f6veked\u00e9sben. Ezt mutatja az is, hogy a GDP, a Magyar Nemzeti Bank \u00e1ltal kiadott \u00e9ves infl\u00e1ci\u00f3s jelent\u00e9se szerint, id\u00e9n 6,0-6,5 sz\u00e1zal\u00e9kkal cs\u00f6kkent. Az infl\u00e1ci\u00f3 pedig 3,4, az indirekt ad\u00f3kt\u00f3l sz\u0171rt maginfl\u00e1ci\u00f3 3,7 sz\u00e1zal\u00e9kon alakult az \u00e9v v\u00e9g\u00e9re. Az MNB jelent\u00e9s\u00e9ben szerepl\u0151 progn\u00f3zis alapj\u00e1n a gazdas\u00e1gi n\u00f6veked\u00e9sre csak a vakcina elterjed\u00e9s\u00e9vel p\u00e1rhuzamosan sz\u00e1m\u00edthatunk.<\/strong><\/p>\n<p>A COVID-19 okozta gazdas\u00e1gi neh\u00e9zs\u00e9gek t\u00f6bb embert \u00e9rintettek, mint amennyit maga a j\u00e1rv\u00e1ny. Itt gondolhatunk mag\u00e1nszem\u00e9lyek meg\u00e9lhet\u00e9s\u00e9re, de a mikro-, kis- \u00e9s k\u00f6z\u00e9pv\u00e1llalkoz\u00e1sok is megs\u00ednylett\u00e9k ezt az id\u0151szakot. F\u0151leg ha olyan term\u00e9kkel\/szolg\u00e1ltat\u00e1ssal rendelkeznek, ami az online t\u00e9rben nem \u00e1llja meg a hely\u00e9t. Tov\u00e1bb\u00e1, a v\u00e1llalkoz\u00e1sok digit\u00e1lis el\u0151rel\u00e9p\u00e9s\u00e9t az sem seg\u00edtette, hogy \u00e1tlagosan kevesebb profitb\u00f3l kellett gazd\u00e1lkodni, viszont akadt b\u0151ven olyan is, ahol a sz\u00fcks\u00e9g a digitaliz\u00e1ci\u00f3s folyamat gyors\u00edt\u00e1s\u00e1t k\u00f6vetelte meg.<\/p>\n<p>A BGE Budapest LAB KKV szektor kutat\u00e1s\u00e1b\u00f3l kider\u00fcl az, hogy a j\u00e1rv\u00e1nyhelyzetre v\u00e1laszolva, a v\u00e1llalkoz\u00e1sok szigor\u00edtottak eg\u00e9szs\u00e9g\u00fcgyi szab\u00e1lyaikon (42,5%), ellenben az \u00faj\u00edt\u00e1s\/innov\u00e1ci\u00f3\/digitaliz\u00e1l\u00e1s nagyon elmaradt az el\u0151bbihez k\u00e9pest (8,9%), azok, akik egyiken sem v\u00e1ltoztattak 40,9%-ot tettek ki.<\/p>\n<p>Mivel a j\u00e1rv\u00e1ny elleni olt\u00e1s m\u00e1r elkezd\u0151d\u00f6tt, m\u00e1r csak a gazdas\u00e1gi n\u00f6veked\u00e9sre kell v\u00e1rnunk \u2013 az MNB szerint. Ez viszont nem j\u00f6n egyik napr\u00f3l a m\u00e1sikra, h\u00f3napok telhetnek m\u00e9g el, mire vissza\u00e1ll a rend. De a logisztika nem \u00e1llhat meg, a kamionoknak tov\u00e1bbra is el kell vinni\u00fck a felpakolt sz\u00e1ll\u00edtm\u00e1nyt \u00e9s el kell hozni a k\u00f6vetkez\u0151t. Ezeket a sz\u00e1ll\u00edtm\u00e1nyokat fogadni kell a rakt\u00e1rakban, m\u00e9ghozz\u00e1 elegend\u0151 kapacit\u00e1ssal.<\/p>\n<p>Ezeket sz\u00e1mba v\u00e9ve, a digitaliz\u00e1ci\u00f3t szem el\u0151tt tartva pr\u00f3b\u00e1lunk meg seg\u00edteni most azzal, hogy <strong>az er\u0151forr\u00e1s alap\u00fa online id\u0151kapu rendszer\u00fcnket a mikro- \u00e9s kisv\u00e1llalkoz\u00e1soknak 50% kedvezm\u00e9nnyel biztos\u00edtjuk.<\/strong><\/p>\n<p>A kedvezm\u00e9nyre jogos\u00edt\u00f3 voucher a Modern V\u00e1llalkoz\u00e1sok Programja <a href=\"https:\/\/vallalkozzdigitalisan.mkik.hu\/termek.html?id=5474\" target=\"_blank\" rel=\"noopener\">weboldal\u00e1n<\/a> \u00e9rhet\u0151 el, regisztr\u00e1lt felhaszn\u00e1l\u00f3k sz\u00e1m\u00e1ra; term\u00e9szetesen, a regisztr\u00e1ci\u00f3 ingyenes.<br \/>\nEz k\u00f6vet\u0151en jelentkezzen az al\u00e1bbi email c\u00edmek egyik\u00e9n<\/p>\n<p><a href=\"mailto:hello@glabs.me\">hello@glabs.me<\/a>,<br \/>\n<a href=\"mailto:zoltan.perlaky@glabs.me\">zoltan.perlaky@glabs.me<\/a><\/p>\n<p>vagy a<\/p>\n<p><a href=\"tel:+36303466031\">+36 30 346 6031<\/a> telefonsz\u00e1mon.<\/p>\n<p>Egyeztetj\u00fck \u00d6nnel a GLABs bevezet\u00e9s\u00e9hez sz\u00fcks\u00e9ges l\u00e9p\u00e9seket \u00e9s a kedvezm\u00e9ny \u00e9rv\u00e9nyes\u00edt\u00e9s\u00e9nek menet\u00e9t.<\/p>\n<p>Ha tov\u00e1bbi k\u00e9rd\u00e9se mer\u00fclne fel vagy t\u00f6bb inform\u00e1ci\u00f3ra lenne sz\u00fcks\u00e9ge, ak\u00e1r a voucher el\u00e9r\u00e9s\u00e9ben vagy a bev\u00e1lt\u00e1s\u00e1ban, esetleg a szoftverrel kapcsolatban, keressen minket bizalommal.<\/p>\n","protected":false},"excerpt":{"rendered":"<p>Nemcsak a digitaliz\u00e1ci\u00f3ban tudunk seg\u00edteni mostani prom\u00f3ci\u00f3nkkal, hanem az er\u0151forr\u00e1s kezel\u00e9s\u00e9ben is, amivel lehet\u0151s\u00e9get biztos\u00edtunk az ak\u00e1r napr\u00f3l-napra v\u00e1ltoz\u00f3 dolgoz\u00f3i l\u00e9tsz\u00e1m melletti hat\u00e9kony munkav\u00e9gz\u00e9sre. Ehhez kedvezm\u00e9nyt is biztos\u00edtunk, ami egy regisztr\u00e1ci\u00f3val megszerezhet\u0151.<\/p>\n","protected":false},"author":3,"featured_media":83,"comment_status":"closed","ping_status":"closed","sticky":false,"template":"","format":"standard","meta":{"footnotes":""},"categories":[6],"tags":[16,13,17,18,19,20],"class_list":["post-82","post","type-post","status-publish","format-standard","has-post-thumbnail","hentry","category-hirek","tag-eroforras-management","tag-idokapu","tag-kapacitas","tag-logisztikai-megoldasok","tag-raktari-kapacitas","tag-szallitmanyozas","category-6","description-off"],"yoast_head":"<!-- This site is optimized with the Yoast SEO plugin v27.7 - https:\/\/yoast.com\/product\/yoast-seo-wordpress\/ -->\n<title>A pontos er\u0151forr\u00e1s-tervez\u00e9s a kkv szektorban dolgoz\u00f3kat is t\u00e1mogatja - GLABs - Rakod\u00e1s Management Megold\u00e1sok<\/title>\n<meta name=\"robots\" content=\"index, follow, max-snippet:-1, max-image-preview:large, max-video-preview:-1\" \/>\n<link rel=\"canonical\" href=\"https:\/\/glabs.me\/hu\/a-pontos-eroforras-tervezes-a-kkv-szektorban-dolgozokat-is-tamogatja\/\" \/>\n<meta property=\"og:locale\" content=\"hu_HU\" \/>\n<meta property=\"og:type\" content=\"article\" \/>\n<meta property=\"og:title\" content=\"A pontos er\u0151forr\u00e1s-tervez\u00e9s a kkv szektorban dolgoz\u00f3kat is t\u00e1mogatja - GLABs - Rakod\u00e1s Management Megold\u00e1sok\" \/>\n<meta property=\"og:description\" content=\"Nemcsak a digitaliz\u00e1ci\u00f3ban tudunk seg\u00edteni mostani prom\u00f3ci\u00f3nkkal, hanem az er\u0151forr\u00e1s kezel\u00e9s\u00e9ben is, amivel lehet\u0151s\u00e9get biztos\u00edtunk az ak\u00e1r napr\u00f3l-napra v\u00e1ltoz\u00f3 dolgoz\u00f3i l\u00e9tsz\u00e1m melletti hat\u00e9kony munkav\u00e9gz\u00e9sre. Ehhez kedvezm\u00e9nyt is biztos\u00edtunk, ami egy regisztr\u00e1ci\u00f3val megszerezhet\u0151.\" \/>\n<meta property=\"og:url\" content=\"https:\/\/glabs.me\/hu\/a-pontos-eroforras-tervezes-a-kkv-szektorban-dolgozokat-is-tamogatja\/\" \/>\n<meta property=\"og:site_name\" content=\"GLABs - Rakod\u00e1s Management Megold\u00e1sok\" \/>\n<meta property=\"article:publisher\" content=\"https:\/\/www.facebook.com\/GLABs.software\" \/>\n<meta property=\"article:published_time\" content=\"2021-02-03T06:00:43+00:00\" \/>\n<meta property=\"article:modified_time\" content=\"2024-07-17T12:11:57+00:00\" \/>\n<meta property=\"og:image\" content=\"https:\/\/glabs.me\/wp-content\/uploads\/2022\/06\/image.webp\" \/>\n\t<meta property=\"og:image:width\" content=\"1923\" \/>\n\t<meta property=\"og:image:height\" content=\"649\" \/>\n\t<meta property=\"og:image:type\" content=\"image\/webp\" \/>\n<meta name=\"author\" content=\"Fanni Csiki\" \/>\n<meta name=\"twitter:card\" content=\"summary_large_image\" \/>\n<meta name=\"twitter:label1\" content=\"Szerz\u0151:\" \/>\n\t<meta name=\"twitter:data1\" content=\"Fanni Csiki\" \/>\n\t<meta name=\"twitter:label2\" content=\"Becs\u00fclt olvas\u00e1si id\u0151\" \/>\n\t<meta name=\"twitter:data2\" content=\"2 perc\" \/>\n<script type=\"application\/ld+json\" class=\"yoast-schema-graph\">{\"@context\":\"https:\\\/\\\/schema.org\",\"@graph\":[{\"@type\":\"Article\",\"@id\":\"https:\\\/\\\/glabs.me\\\/hu\\\/a-pontos-eroforras-tervezes-a-kkv-szektorban-dolgozokat-is-tamogatja\\\/#article\",\"isPartOf\":{\"@id\":\"https:\\\/\\\/glabs.me\\\/hu\\\/a-pontos-eroforras-tervezes-a-kkv-szektorban-dolgozokat-is-tamogatja\\\/\"},\"author\":{\"name\":\"Fanni Csiki\",\"@id\":\"https:\\\/\\\/glabs.me\\\/hu\\\/#\\\/schema\\\/person\\\/a3b785b09d1f3c6af28ea26e660b3c72\"},\"headline\":\"A pontos er\u0151forr\u00e1s-tervez\u00e9s a kkv szektorban dolgoz\u00f3kat is t\u00e1mogatja\",\"datePublished\":\"2021-02-03T06:00:43+00:00\",\"dateModified\":\"2024-07-17T12:11:57+00:00\",\"mainEntityOfPage\":{\"@id\":\"https:\\\/\\\/glabs.me\\\/hu\\\/a-pontos-eroforras-tervezes-a-kkv-szektorban-dolgozokat-is-tamogatja\\\/\"},\"wordCount\":542,\"publisher\":{\"@id\":\"https:\\\/\\\/glabs.me\\\/hu\\\/#organization\"},\"image\":{\"@id\":\"https:\\\/\\\/glabs.me\\\/hu\\\/a-pontos-eroforras-tervezes-a-kkv-szektorban-dolgozokat-is-tamogatja\\\/#primaryimage\"},\"thumbnailUrl\":\"https:\\\/\\\/glabs.me\\\/wp-content\\\/uploads\\\/2022\\\/06\\\/image.webp\",\"keywords\":[\"er\u0151forr\u00e1s management\",\"id\u0151kapu\",\"kapacit\u00e1s\",\"logisztikai megold\u00e1sok\",\"rakt\u00e1ri kapacit\u00e1s\",\"sz\u00e1ll\u00edtm\u00e1nyoz\u00e1s\"],\"articleSection\":[\"H\u00edrek\"],\"inLanguage\":\"hu\"},{\"@type\":\"WebPage\",\"@id\":\"https:\\\/\\\/glabs.me\\\/hu\\\/a-pontos-eroforras-tervezes-a-kkv-szektorban-dolgozokat-is-tamogatja\\\/\",\"url\":\"https:\\\/\\\/glabs.me\\\/hu\\\/a-pontos-eroforras-tervezes-a-kkv-szektorban-dolgozokat-is-tamogatja\\\/\",\"name\":\"A pontos er\u0151forr\u00e1s-tervez\u00e9s a kkv szektorban dolgoz\u00f3kat is t\u00e1mogatja - GLABs - Rakod\u00e1s Management Megold\u00e1sok\",\"isPartOf\":{\"@id\":\"https:\\\/\\\/glabs.me\\\/hu\\\/#website\"},\"primaryImageOfPage\":{\"@id\":\"https:\\\/\\\/glabs.me\\\/hu\\\/a-pontos-eroforras-tervezes-a-kkv-szektorban-dolgozokat-is-tamogatja\\\/#primaryimage\"},\"image\":{\"@id\":\"https:\\\/\\\/glabs.me\\\/hu\\\/a-pontos-eroforras-tervezes-a-kkv-szektorban-dolgozokat-is-tamogatja\\\/#primaryimage\"},\"thumbnailUrl\":\"https:\\\/\\\/glabs.me\\\/wp-content\\\/uploads\\\/2022\\\/06\\\/image.webp\",\"datePublished\":\"2021-02-03T06:00:43+00:00\",\"dateModified\":\"2024-07-17T12:11:57+00:00\",\"breadcrumb\":{\"@id\":\"https:\\\/\\\/glabs.me\\\/hu\\\/a-pontos-eroforras-tervezes-a-kkv-szektorban-dolgozokat-is-tamogatja\\\/#breadcrumb\"},\"inLanguage\":\"hu\",\"potentialAction\":[{\"@type\":\"ReadAction\",\"target\":[\"https:\\\/\\\/glabs.me\\\/hu\\\/a-pontos-eroforras-tervezes-a-kkv-szektorban-dolgozokat-is-tamogatja\\\/\"]}]},{\"@type\":\"ImageObject\",\"inLanguage\":\"hu\",\"@id\":\"https:\\\/\\\/glabs.me\\\/hu\\\/a-pontos-eroforras-tervezes-a-kkv-szektorban-dolgozokat-is-tamogatja\\\/#primaryimage\",\"url\":\"https:\\\/\\\/glabs.me\\\/wp-content\\\/uploads\\\/2022\\\/06\\\/image.webp\",\"contentUrl\":\"https:\\\/\\\/glabs.me\\\/wp-content\\\/uploads\\\/2022\\\/06\\\/image.webp\",\"width\":1923,\"height\":649},{\"@type\":\"BreadcrumbList\",\"@id\":\"https:\\\/\\\/glabs.me\\\/hu\\\/a-pontos-eroforras-tervezes-a-kkv-szektorban-dolgozokat-is-tamogatja\\\/#breadcrumb\",\"itemListElement\":[{\"@type\":\"ListItem\",\"position\":1,\"name\":\"Kezd\u0151lap\",\"item\":\"https:\\\/\\\/glabs.me\\\/hu\\\/\"},{\"@type\":\"ListItem\",\"position\":2,\"name\":\"A pontos er\u0151forr\u00e1s-tervez\u00e9s a kkv szektorban dolgoz\u00f3kat is t\u00e1mogatja\"}]},{\"@type\":\"WebSite\",\"@id\":\"https:\\\/\\\/glabs.me\\\/hu\\\/#website\",\"url\":\"https:\\\/\\\/glabs.me\\\/hu\\\/\",\"name\":\"GLABs - Rakod\u00e1s Management Megold\u00e1sok\",\"description\":\"\",\"publisher\":{\"@id\":\"https:\\\/\\\/glabs.me\\\/hu\\\/#organization\"},\"potentialAction\":[{\"@type\":\"SearchAction\",\"target\":{\"@type\":\"EntryPoint\",\"urlTemplate\":\"https:\\\/\\\/glabs.me\\\/hu\\\/?s={search_term_string}\"},\"query-input\":{\"@type\":\"PropertyValueSpecification\",\"valueRequired\":true,\"valueName\":\"search_term_string\"}}],\"inLanguage\":\"hu\"},{\"@type\":\"Organization\",\"@id\":\"https:\\\/\\\/glabs.me\\\/hu\\\/#organization\",\"name\":\"GLABs LSS\",\"alternateName\":\"GLABs\",\"url\":\"https:\\\/\\\/glabs.me\\\/hu\\\/\",\"logo\":{\"@type\":\"ImageObject\",\"inLanguage\":\"hu\",\"@id\":\"https:\\\/\\\/glabs.me\\\/hu\\\/#\\\/schema\\\/logo\\\/image\\\/\",\"url\":\"https:\\\/\\\/dev-glabsme.srv1.clbr.hu\\\/wp-content\\\/uploads\\\/2022\\\/06\\\/GLABs.svg\",\"contentUrl\":\"https:\\\/\\\/dev-glabsme.srv1.clbr.hu\\\/wp-content\\\/uploads\\\/2022\\\/06\\\/GLABs.svg\",\"width\":\"68\",\"height\":\"35\",\"caption\":\"GLABs LSS\"},\"image\":{\"@id\":\"https:\\\/\\\/glabs.me\\\/hu\\\/#\\\/schema\\\/logo\\\/image\\\/\"},\"sameAs\":[\"https:\\\/\\\/www.facebook.com\\\/GLABs.software\",\"https:\\\/\\\/www.youtube.com\\\/@GLABs\",\"https:\\\/\\\/www.linkedin.com\\\/company\\\/glabs\\\/\"]},{\"@type\":\"Person\",\"@id\":\"https:\\\/\\\/glabs.me\\\/hu\\\/#\\\/schema\\\/person\\\/a3b785b09d1f3c6af28ea26e660b3c72\",\"name\":\"Fanni Csiki\",\"sameAs\":[\"https:\\\/\\\/glbas.me\"],\"url\":\"https:\\\/\\\/glabs.me\\\/hu\\\/author\\\/csikif\\\/\"}]}<\/script>\n<!-- \/ Yoast SEO plugin. -->","yoast_head_json":{"title":"A pontos er\u0151forr\u00e1s-tervez\u00e9s a kkv szektorban dolgoz\u00f3kat is t\u00e1mogatja - GLABs - Rakod\u00e1s Management Megold\u00e1sok","robots":{"index":"index","follow":"follow","max-snippet":"max-snippet:-1","max-image-preview":"max-image-preview:large","max-video-preview":"max-video-preview:-1"},"canonical":"https:\/\/glabs.me\/hu\/a-pontos-eroforras-tervezes-a-kkv-szektorban-dolgozokat-is-tamogatja\/","og_locale":"hu_HU","og_type":"article","og_title":"A pontos er\u0151forr\u00e1s-tervez\u00e9s a kkv szektorban dolgoz\u00f3kat is t\u00e1mogatja - GLABs - Rakod\u00e1s Management Megold\u00e1sok","og_description":"Nemcsak a digitaliz\u00e1ci\u00f3ban tudunk seg\u00edteni mostani prom\u00f3ci\u00f3nkkal, hanem az er\u0151forr\u00e1s kezel\u00e9s\u00e9ben is, amivel lehet\u0151s\u00e9get biztos\u00edtunk az ak\u00e1r napr\u00f3l-napra v\u00e1ltoz\u00f3 dolgoz\u00f3i l\u00e9tsz\u00e1m melletti hat\u00e9kony munkav\u00e9gz\u00e9sre. Ehhez kedvezm\u00e9nyt is biztos\u00edtunk, ami egy regisztr\u00e1ci\u00f3val megszerezhet\u0151.","og_url":"https:\/\/glabs.me\/hu\/a-pontos-eroforras-tervezes-a-kkv-szektorban-dolgozokat-is-tamogatja\/","og_site_name":"GLABs - Rakod\u00e1s Management Megold\u00e1sok","article_publisher":"https:\/\/www.facebook.com\/GLABs.software","article_published_time":"2021-02-03T06:00:43+00:00","article_modified_time":"2024-07-17T12:11:57+00:00","og_image":[{"width":1923,"height":649,"url":"https:\/\/glabs.me\/wp-content\/uploads\/2022\/06\/image.webp","type":"image\/webp"}],"author":"Fanni Csiki","twitter_card":"summary_large_image","twitter_misc":{"Szerz\u0151:":"Fanni Csiki","Becs\u00fclt olvas\u00e1si id\u0151":"2 perc"},"schema":{"@context":"https:\/\/schema.org","@graph":[{"@type":"Article","@id":"https:\/\/glabs.me\/hu\/a-pontos-eroforras-tervezes-a-kkv-szektorban-dolgozokat-is-tamogatja\/#article","isPartOf":{"@id":"https:\/\/glabs.me\/hu\/a-pontos-eroforras-tervezes-a-kkv-szektorban-dolgozokat-is-tamogatja\/"},"author":{"name":"Fanni Csiki","@id":"https:\/\/glabs.me\/hu\/#\/schema\/person\/a3b785b09d1f3c6af28ea26e660b3c72"},"headline":"A pontos er\u0151forr\u00e1s-tervez\u00e9s a kkv szektorban dolgoz\u00f3kat is t\u00e1mogatja","datePublished":"2021-02-03T06:00:43+00:00","dateModified":"2024-07-17T12:11:57+00:00","mainEntityOfPage":{"@id":"https:\/\/glabs.me\/hu\/a-pontos-eroforras-tervezes-a-kkv-szektorban-dolgozokat-is-tamogatja\/"},"wordCount":542,"publisher":{"@id":"https:\/\/glabs.me\/hu\/#organization"},"image":{"@id":"https:\/\/glabs.me\/hu\/a-pontos-eroforras-tervezes-a-kkv-szektorban-dolgozokat-is-tamogatja\/#primaryimage"},"thumbnailUrl":"https:\/\/glabs.me\/wp-content\/uploads\/2022\/06\/image.webp","keywords":["er\u0151forr\u00e1s management","id\u0151kapu","kapacit\u00e1s","logisztikai megold\u00e1sok","rakt\u00e1ri kapacit\u00e1s","sz\u00e1ll\u00edtm\u00e1nyoz\u00e1s"],"articleSection":["H\u00edrek"],"inLanguage":"hu"},{"@type":"WebPage","@id":"https:\/\/glabs.me\/hu\/a-pontos-eroforras-tervezes-a-kkv-szektorban-dolgozokat-is-tamogatja\/","url":"https:\/\/glabs.me\/hu\/a-pontos-eroforras-tervezes-a-kkv-szektorban-dolgozokat-is-tamogatja\/","name":"A pontos er\u0151forr\u00e1s-tervez\u00e9s a kkv szektorban dolgoz\u00f3kat is t\u00e1mogatja - GLABs - Rakod\u00e1s Management Megold\u00e1sok","isPartOf":{"@id":"https:\/\/glabs.me\/hu\/#website"},"primaryImageOfPage":{"@id":"https:\/\/glabs.me\/hu\/a-pontos-eroforras-tervezes-a-kkv-szektorban-dolgozokat-is-tamogatja\/#primaryimage"},"image":{"@id":"https:\/\/glabs.me\/hu\/a-pontos-eroforras-tervezes-a-kkv-szektorban-dolgozokat-is-tamogatja\/#primaryimage"},"thumbnailUrl":"https:\/\/glabs.me\/wp-content\/uploads\/2022\/06\/image.webp","datePublished":"2021-02-03T06:00:43+00:00","dateModified":"2024-07-17T12:11:57+00:00","breadcrumb":{"@id":"https:\/\/glabs.me\/hu\/a-pontos-eroforras-tervezes-a-kkv-szektorban-dolgozokat-is-tamogatja\/#breadcrumb"},"inLanguage":"hu","potentialAction":[{"@type":"ReadAction","target":["https:\/\/glabs.me\/hu\/a-pontos-eroforras-tervezes-a-kkv-szektorban-dolgozokat-is-tamogatja\/"]}]},{"@type":"ImageObject","inLanguage":"hu","@id":"https:\/\/glabs.me\/hu\/a-pontos-eroforras-tervezes-a-kkv-szektorban-dolgozokat-is-tamogatja\/#primaryimage","url":"https:\/\/glabs.me\/wp-content\/uploads\/2022\/06\/image.webp","contentUrl":"https:\/\/glabs.me\/wp-content\/uploads\/2022\/06\/image.webp","width":1923,"height":649},{"@type":"BreadcrumbList","@id":"https:\/\/glabs.me\/hu\/a-pontos-eroforras-tervezes-a-kkv-szektorban-dolgozokat-is-tamogatja\/#breadcrumb","itemListElement":[{"@type":"ListItem","position":1,"name":"Kezd\u0151lap","item":"https:\/\/glabs.me\/hu\/"},{"@type":"ListItem","position":2,"name":"A pontos er\u0151forr\u00e1s-tervez\u00e9s a kkv szektorban dolgoz\u00f3kat is t\u00e1mogatja"}]},{"@type":"WebSite","@id":"https:\/\/glabs.me\/hu\/#website","url":"https:\/\/glabs.me\/hu\/","name":"GLABs - Rakod\u00e1s Management Megold\u00e1sok","description":"","publisher":{"@id":"https:\/\/glabs.me\/hu\/#organization"},"potentialAction":[{"@type":"SearchAction","target":{"@type":"EntryPoint","urlTemplate":"https:\/\/glabs.me\/hu\/?s={search_term_string}"},"query-input":{"@type":"PropertyValueSpecification","valueRequired":true,"valueName":"search_term_string"}}],"inLanguage":"hu"},{"@type":"Organization","@id":"https:\/\/glabs.me\/hu\/#organization","name":"GLABs LSS","alternateName":"GLABs","url":"https:\/\/glabs.me\/hu\/","logo":{"@type":"ImageObject","inLanguage":"hu","@id":"https:\/\/glabs.me\/hu\/#\/schema\/logo\/image\/","url":"https:\/\/dev-glabsme.srv1.clbr.hu\/wp-content\/uploads\/2022\/06\/GLABs.svg","contentUrl":"https:\/\/dev-glabsme.srv1.clbr.hu\/wp-content\/uploads\/2022\/06\/GLABs.svg","width":"68","height":"35","caption":"GLABs LSS"},"image":{"@id":"https:\/\/glabs.me\/hu\/#\/schema\/logo\/image\/"},"sameAs":["https:\/\/www.facebook.com\/GLABs.software","https:\/\/www.youtube.com\/@GLABs","https:\/\/www.linkedin.com\/company\/glabs\/"]},{"@type":"Person","@id":"https:\/\/glabs.me\/hu\/#\/schema\/person\/a3b785b09d1f3c6af28ea26e660b3c72","name":"Fanni Csiki","sameAs":["https:\/\/glbas.me"],"url":"https:\/\/glabs.me\/hu\/author\/csikif\/"}]}},"_links":{"self":[{"href":"https:\/\/glabs.me\/hu\/wp-json\/wp\/v2\/posts\/82","targetHints":{"allow":["GET"]}}],"collection":[{"href":"https:\/\/glabs.me\/hu\/wp-json\/wp\/v2\/posts"}],"about":[{"href":"https:\/\/glabs.me\/hu\/wp-json\/wp\/v2\/types\/post"}],"author":[{"embeddable":true,"href":"https:\/\/glabs.me\/hu\/wp-json\/wp\/v2\/users\/3"}],"replies":[{"embeddable":true,"href":"https:\/\/glabs.me\/hu\/wp-json\/wp\/v2\/comments?post=82"}],"version-history":[{"count":1,"href":"https:\/\/glabs.me\/hu\/wp-json\/wp\/v2\/posts\/82\/revisions"}],"predecessor-version":[{"id":6837,"href":"https:\/\/glabs.me\/hu\/wp-json\/wp\/v2\/posts\/82\/revisions\/6837"}],"wp:featuredmedia":[{"embeddable":true,"href":"https:\/\/glabs.me\/hu\/wp-json\/wp\/v2\/media\/83"}],"wp:attachment":[{"href":"https:\/\/glabs.me\/hu\/wp-json\/wp\/v2\/media?parent=82"}],"wp:term":[{"taxonomy":"category","embeddable":true,"href":"https:\/\/glabs.me\/hu\/wp-json\/wp\/v2\/categories?post=82"},{"taxonomy":"post_tag","embeddable":true,"href":"https:\/\/glabs.me\/hu\/wp-json\/wp\/v2\/tags?post=82"}],"curies":[{"name":"wp","href":"https:\/\/api.w.org\/{rel}","templated":true}]}}