{"id":77,"date":"2021-07-01T08:00:44","date_gmt":"2021-07-01T06:00:44","guid":{"rendered":"https:\/\/ujdomain.hu\/?p=77"},"modified":"2026-05-18T09:43:50","modified_gmt":"2026-05-18T07:43:50","slug":"autopro-hu-percre-pontos-rakodasokat-biztosit-a-raktaraknak-egy-magyar-fejleszto-ceg","status":"publish","type":"post","link":"https:\/\/glabs.me\/hu\/autopro-hu-percre-pontos-rakodasokat-biztosit-a-raktaraknak-egy-magyar-fejleszto-ceg\/","title":{"rendered":"autopro.hu: Percre pontos rakod\u00e1sokat biztos\u00edt a rakt\u00e1raknak egy magyar fejleszt\u0151 c\u00e9g"},"content":{"rendered":"<div class=\"wpb-content-wrapper\"><p>[vc_row][vc_column][vc_column_text css=&#8221;&#8221;]<strong>A GLABs online id\u0151kapu \u00e9s rakod\u00e1s management rendszer a GLABs LSS Kft. saj\u00e1t fejleszt\u00e9s\u0171 szoftvere. A c\u00e9g 2012-ben alakult, h\u00e1rom \u00fczlet\u00e1ga k\u00f6z\u00fcl az egyik kifejezetten logisztikai megold\u00e1sok fejleszt\u00e9s\u00e9vel foglalkozik. A szoftverr\u0151l Perlaky Zolt\u00e1nt, a GLABs \u00fczletfejleszt\u00e9si vezet\u0151j\u00e9t k\u00e9rdezt\u00fck.<\/strong><\/p>\n<p><a href=\"https:\/\/autopro.hu\/szolgaltatok\/percre-pontos-rakodasokat-biztosit-a-raktaraknak-egy-magyar-fejleszto-ceg\/472356\">Olvasd el az eredeti cikket a GLABs-r\u0151l.<\/a><\/p>\n<h3>autopro.hu: Milyen ipar\u00e1gak szerepl\u0151i, milyen v\u00e1llalatok a c\u00e9lpontjai a GLABs-nek?<\/h3>\n<p><strong>Perlaky Zolt\u00e1n \/ GLABs:<\/strong> A szoftver 2015 \u00f3ta fut \u00e9lesben \u00e9s els\u0151sorban az aut\u00f3ipari besz\u00e1ll\u00edt\u00f3kra koncentr\u00e1lunk, mert \u00fagy gondoltuk, ezen a ter\u00fcleten a legfontosabb, hogy a term\u00e9kek \u00e9s az alapanyagok a lehet\u0151 legpontosabban \u00e9rkezzenek meg a gy\u00e1rt\u00f3\u00fczembe. Legels\u0151 partner\u00fcnk is egy nagy aut\u00f3ipari besz\u00e1ll\u00edt\u00f3, aki a kezdetek \u00f3ta a mai napig haszn\u00e1lja szoftver\u00fcnket.<\/p>\n<p>Mivel a megold\u00e1sunk haszn\u00e1lhat\u00f3s\u00e1ga ipar\u00e1gt\u00f3l f\u00fcggetlen, t\u00f6bbs\u00e9gben l\u00e9v\u0151 automotive szektorban m\u0171k\u00f6d\u0151 gy\u00e1rt\u00f3 \u00e9s rakt\u00e1roz\u00e1si \u00fcgyfeleink mellett m\u00e1ra m\u00e1r neh\u00e9zipari, k\u00f6nny\u0171ipari, elektronikai gy\u00e1rt\u00f3 \u00e9s \u00e9p\u00edt\u0151ipari c\u00e9gek is haszn\u00e1lj\u00e1k szoftver\u00fcnket.<\/p>\n<p>F\u0151 c\u00e9lcsoportunk azok a c\u00e9gek, illetve azok a tudatos rakt\u00e1rvezet\u0151k, akik kisz\u00e1m\u00edthat\u00f3s\u00e1ggal, tervezhet\u0151s\u00e9ggel \u00e9s a folyamatok m\u00e9r\u00e9s\u00e9vel t\u00f6rekednek rakt\u00e1ruk m\u0171k\u00f6d\u00e9s\u00e9nek optimaliz\u00e1l\u00e1s\u00e1ra, hat\u00e9konys\u00e1g\u00e1nak n\u00f6vel\u00e9s\u00e9re.<\/p>\n<h3>autopro.hu: Hogyan m\u0171k\u00f6dik a GLABs id\u0151kapu szoftver?<\/h3>\n<p><strong>P. Z. \/ GLABs:<\/strong> A GLABs egy online szoftver, aminek az egyik legnagyobb el\u0151nye tal\u00e1n az, hogy nem ig\u00e9nyel semmilyen telep\u00edt\u00e9st. Egy egyszer\u0171 b\u00f6ng\u00e9sz\u0151n kereszt\u00fcl m\u0171k\u00f6dik \u00e9s haszn\u00e1lhat\u00f3 asztali g\u00e9pen, tableten, mobileszk\u00f6z\u00f6k\u00f6n, vagy ak\u00e1r egy targonca termin\u00e1lon is. Ennek k\u00f6sz\u00f6nhet\u0151en az ell\u00e1t\u00e1si l\u00e1ncban r\u00e9sztvev\u0151 szerepl\u0151k, \u2013 az \u00fcgyf\u00e9lt\u0151l indulva, \u2013 a megb\u00edz\u00f3t\u00f3l \u00e9s a fuvarszervez\u00e9sen a port\u00e1sokat \u00e9s rakt\u00e1rosokat is belev\u00e9ve eg\u00e9szen a kamionsof\u0151r\u00f6kig, egy rendszert haszn\u00e1lhatnak, term\u00e9szetesen a felhaszn\u00e1l\u00f3i szintt\u0151l \u00e9s jogosults\u00e1gt\u00f3l f\u00fcgg\u0151en m\u00e1s-m\u00e1s funkci\u00f3kkal. Ennek k\u00f6sz\u00f6nhet\u0151en, amikor meg\u00e9rkezik \u00e9s a port\u00e1n bejelentkezik egy sof\u0151r, arr\u00f3l azonnal automatikusan \u00e9rtes\u00edt\u00e9st k\u00fcld a rendszer a be\u00e1ll\u00edtott e-mail c\u00edmekre, vagy ak\u00e1r r\u00f6gt\u00f6n megjelenik a rakt\u00e1rban egy displayen.<\/p>\n<p>A GLABs val\u00f3j\u00e1ban egy olyan \u00f6nkiszolg\u00e1l\u00f3 fel\u00fclet, amelyen kereszt\u00fcl az \u00fczleti partnerek vagy azok megb\u00edzottai az el\u0151zetesen kialak\u00edtott szab\u00e1lyrendszerek alapj\u00e1n id\u0151pontra regisztr\u00e1lhatj\u00e1k sz\u00e1ll\u00edt\u00e1saikat, el\u0151re felt\u00f6lthetik a sz\u00e1ll\u00edt\u00e1shoz kapcsol\u00f3d\u00f3 dokumentumokat, nyomon k\u00f6vethetik a rakod\u00e1sok \u00e1llapotait, inform\u00e1ci\u00f3kat k\u00fcldhetnek valamint kaphatnak. A GLABs-et haszn\u00e1l\u00f3 c\u00e9gek pedig a rakod\u00e1s management funkci\u00f3kkal az \u00e9rkez\u00e9st\u0151l eg\u00e9szen a t\u00e1voz\u00e1sig kezelhetik a rendszerben regisztr\u00e1lt sz\u00e1ll\u00edt\u00e1sokat, k\u00fcl\u00f6nb\u00f6z\u0151 st\u00e1tuszok, \u00e1llapotok, folyamatok seg\u00edts\u00e9g\u00e9vel.<\/p>\n<h3>autopro.hu: Miben k\u00fcl\u00f6nb\u00f6zik a GLABs m\u00e1s id\u0151kapu szoftverekt\u0151l?<\/h3>\n<p><strong>P. Z. \/ GLABs:<\/strong> Mi er\u0151forr\u00e1s-alapon k\u00f6zel\u00edtj\u00fck meg a probl\u00e9m\u00e1t. A c\u00e9l az, hogy a rakt\u00e1rban a forgalom eloszl\u00e1sa ne hektikus legyen, hanem egyenletes. Szoftver\u00fcnk az \u00e9rkez\u00e9si anom\u00e1li\u00e1kat egyenl\u00edti ki a szabad rakod\u00e1si kapacit\u00e1s kalkul\u00e1ci\u00f3val. Szoftver\u00fcnk bevezet\u00e9sekor felm\u00e9rj\u00fck partnereink rakod\u00e1si folyamatait, a rakod\u00e1shoz haszn\u00e1lt er\u0151forr\u00e1sokat, valamint a k\u00fcl\u00f6nb\u00f6z\u0151 rakod\u00e1si szab\u00e1lyokat \u00e9s ezek alapj\u00e1n param\u00e9terezz\u00fck fel szoftver\u00fcnket.<\/p>\n<p>\u00cdgy, amikor egy fuvar szervez\u0151je sz\u00e1ll\u00edt\u00e1s r\u00f6gz\u00edt\u00e9sekor szabad id\u0151s\u00e1vot l\u00e1t az online fel\u00fcleten, biztos lehet benne, hogy az adott id\u0151szakban rendelkez\u00e9sre \u00e1ll a sz\u00fcks\u00e9ges rakod\u00e1si kapacit\u00e1s, \u00edgy a rakod\u00e1s minim\u00e1lis v\u00e1rakoz\u00e1ssal, id\u0151ben fog t\u00f6rt\u00e9nni ha nem volt k\u00e9s\u00e9s az \u00e9rkez\u00e9skor.<\/p>\n<p>Szoftver\u00fcnk m\u00e1sik nagy el\u0151nye, hogy az id\u0151kapu funkci\u00f3n t\u00fal, t\u00e1mogatjuk a teljes rakod\u00e1si folyamatot, azaz kezelj\u00fck a j\u00e1rm\u0171 \u00e9rkez\u00e9s\u00e9t, r\u00e1mp\u00e1ra h\u00edv\u00e1s\u00e1t, bel\u00e9p\u00e9s \u00e9s kil\u00e9p\u00e9s\u00e9t, napl\u00f3zzuk a rakod\u00e1s kezdet\u00e9t \u00e9s v\u00e9g\u00e9t, m\u00e9rj\u00fck a v\u00e1rakoz\u00e1si id\u0151ket, \u00fcgyint\u00e9z\u00e9si id\u0151ket, teh\u00e1t gyakorlatilag az id\u0151kapu mellett egy egyszer\u0171 yard management funkcionalit\u00e1st is ny\u00fajtunk partnereinknek.<\/p>\n<h3>autopro.hu: Mennyire tarthat\u00f3ak ezek a sz\u0171k id\u0151s\u00e1vok a gyakorlatban?<\/h3>\n<p><strong>P. Z. \/ GLABs:<\/strong> Kimutat\u00e1saink szerint meglep\u0151en pontosan tudj\u00e1k tartani az id\u0151s\u00e1vokat mind a rakt\u00e1rban a le- \u00e9s felrakod\u00e1s sor\u00e1n, mind a sof\u0151r\u00f6k \u00e9rkez\u00e9s sor\u00e1n. Tudj\u00e1k, ha id\u0151ben oda\u00e9rnek, minim\u00e1lis v\u00e1rakoz\u00e1ssal \u00e9s, ami a mai \u00faj vil\u00e1gban fel\u00e9rt\u00e9kel\u0151d\u00f6tt, szinte teljesen \u00e9rint\u00e9smentesen tudnak le- vagy felpakolni.<\/p>\n<p>Term\u00e9szetesen nem tervezett esem\u00e9nyek, cs\u00fasz\u00e1sok b\u00e1rmikor el\u0151fordulhatnak ak\u00e1r a rakt\u00e1r, ak\u00e1r a sz\u00e1ll\u00edtm\u00e1nyoz\u00e1si oldalon, de ezeket is sokkal rugalmasabban lehet kezelni egyenletes \u00e9rkez\u00e9s \u00e9s n\u00e9h\u00e1ny v\u00e1rakoz\u00f3 kamion mellett, mint amikor tele a parkol\u00f3 \u00e9s mindenki rettenetesen fesz\u00fclt, f\u0151leg ha r\u00e1ad\u00e1sul a gy\u00e1rt\u00e1s folytonoss\u00e1ga is vesz\u00e9lybe ker\u00fcl. N\u00e1lunk ennek kezel\u00e9s\u00e9re jel\u00f6lni \u00e9s prioriz\u00e1lni lehet a regisztr\u00e1lt sz\u00e1ll\u00edtm\u00e1nyokat, \u00edgy m\u00e1r a portai bejelentkez\u00e9sn\u00e9l lehet l\u00e1tni, mely aut\u00f3kat sz\u00fcks\u00e9ges ak\u00e1r soron k\u00edv\u00fcl behozni rakod\u00e1sra.<\/p>\n<h3>autopro.hu: Mi a helyzet akkor, ha m\u00e9gsem tudj\u00e1k j\u00f3l megbecs\u00fclni a fuvar \u00e9rkez\u00e9si idej\u00e9t?<\/h3>\n<p><strong>P. Z. \/ GLABs:<\/strong> 2017-ben k\u00e9sz\u00edtett\u00fcnk egy statisztik\u00e1t a k\u00e9s\u00e9sekr\u0151l, az egyik partner\u00fcnk teljes \u00e9vi kimutat\u00e1s\u00e1t megvizsg\u00e1lva. Nemzetk\u00f6zi sz\u00e1ll\u00edt\u00e1si viszonylatban (Spanyolorsz\u00e1g \u2013 Gy\u0151r) \u00e9ves szinten 78 sz\u00e1zal\u00e9kban pontosak voltak a kamionok, amit mindenki nagyon j\u00f3nak \u00e9rt\u00e9kelt. A pontoss\u00e1g n\u00e1lunk az el\u0151zetesen regisztr\u00e1lt id\u0151ponthoz k\u00e9pest maximum 15 perces elt\u00e9r\u00e9st enged\u00e9lyez. Belf\u00f6ldi sz\u00e1ll\u00edtm\u00e1nyoz\u00e1sn\u00e1l ezek a sz\u00e1mok m\u00e9g enn\u00e9l is jobbak.<\/p>\n<p>2020-ban persze minden felborult, a pontoss\u00e1g k\u00f6zel sem volt olyan j\u00f3, mint kor\u00e1bban, de ezzel egy\u00fctt \u00e9rt\u00e9kesebb\u00e9 v\u00e1lta tervezhet\u0151s\u00e9g, ami tal\u00e1n sosem volt olyan fontos, mint a j\u00e1rv\u00e1ny els\u0151 hull\u00e1m\u00e1ban \u00e9s ez ism\u00e9t kihozta szoftver\u00fcnk el\u0151nyeit, mi pedig azonnali fejleszt\u00e9sekkel, t\u00e1mogattuk a kialakult helyzetet.<\/p>\n<p>A vis major esem\u00e9nyekre senki nem tud felk\u00e9sz\u00fclni, ez\u00e9rt egy kisebb fejleszt\u00e9ssel lehet\u0151v\u00e9 tett\u00fck, hogy a fuvaroz\u00f3k el\u0151re jelezhess\u00e9k a v\u00e1rhat\u00f3 k\u00e9s\u00e9seket a rendszerben. \u00cdgy a rakt\u00e1rnak lehet\u0151s\u00e9ge van a rakod\u00e1si sorrend \u00e1t\u00fctemez\u00e9s\u00e9re, optim\u00e1lis \u00fajratervez\u00e9s\u00e9re, amir\u0151l minden \u00e9rintett \u2013 rakt\u00e1r, fuvarszervez\u00e9s, sof\u0151r \u00e9s a porta is \u2013 \u00e9rtes\u00edt\u00e9st kap, hogy \u00e9rkez\u00e9skor m\u00e1r mindenki az \u00faj id\u0151pont alapj\u00e1n tudjon elj\u00e1rni.<\/p>\n<h3>autopro.hu: Mekkora beruh\u00e1z\u00e1st jelent a szoftver a c\u00e9gek sz\u00e1m\u00e1ra?<\/h3>\n<p><strong>P. Z. \/ GLABs:<\/strong> Szoftver\u00fcnk havi, el\u0151fizet\u00e9si d\u00edjas konstrukci\u00f3ban \u00e9rhet\u0151 el, \u00edgy beruh\u00e1z\u00e1sr\u00f3l nem igaz\u00e1n besz\u00e9lhet\u00fcnk. Ha ehhez azt is hozz\u00e1vessz\u00fck, hogy m\u00e1r az els\u0151 h\u00f3napt\u00f3l kezdve a licencd\u00edj t\u00f6bbsz\u00f6r\u00f6s\u00e9t k\u00e9pes megtakar\u00edtani az \u00fcgyfeleink sz\u00e1m\u00e1ra (pontos kimutat\u00e1sok alapj\u00e1n) akkor ink\u00e1bb a havi megtakar\u00edt\u00e1st \u00e9rdemes sz\u00e1molgatni.<\/p>\n<p>Mivel a licencd\u00edjat a r\u00e1mp\u00e1k\/rakod\u00e1si poz\u00edci\u00f3k sz\u00e1ma alapj\u00e1n s\u00e1vosan alak\u00edtottuk ki, neh\u00e9z lenne pontos \u00f6sszeget mondani, de egy\u00f6sszeg\u0171 havi fix d\u00edjjal kell sz\u00e1molni f\u00fcggetlen a r\u00f6gz\u00edtett foglal\u00e1sok sz\u00e1m\u00e1t\u00f3l, nincs tranzakci\u00f3s d\u00edjunk.<\/p>\n<p>A szoftver indul\u00e1skor viszont sz\u00e1molni kell m\u00e9g egy szoftver bevezet\u00e9si k\u00f6lts\u00e9ggel. A bevezet\u00e9seink nem ig\u00e9nyelnek fejleszt\u00e9si munk\u00e1t, \u00edgy rendk\u00edv\u00fcl r\u00f6vid id\u0151 alatt megval\u00f3sulnak. A szoftver bevezet\u00e9s sor\u00e1n felm\u00e9rj\u00fck \u00e9s dokument\u00e1ljuk a rakod\u00e1s kezel\u00e9shez kapcsol\u00f3d\u00f3 folyamatokat (ha nincs, seg\u00edt\u00fcnk azok kialak\u00edt\u00e1s\u00e1ban vagy optimaliz\u00e1l\u00e1s\u00e1ban), defini\u00e1ljuk a rakod\u00e1si kapacit\u00e1sokat, kialak\u00edtjuk a foglal\u00e1si szab\u00e1lyokat. Ezek alapj\u00e1n elv\u00e9gezz\u00fck a szoftver param\u00e9terez\u00e9s\u00e9t, majd az oktat\u00e1st. Ez \u00e1ltal\u00e1ban nett\u00f3 3-5 tan\u00e1csad\u00f3i nap (brutt\u00f3 id\u0151ben kb. 3-4 h\u00e9t) alatt zajlik le m\u00e9g a mai viszonyok k\u00f6z\u00f6tt is, amikor szinte minden bevezet\u00e9st online v\u00e9gz\u00fcnk.<\/p>\n<h3>autopro.hu: Milyen megt\u00e9r\u00fcl\u00e9si id\u0151vel lehet sz\u00e1molni?<\/h3>\n<p><strong>P. Z. \/ GLABs:<\/strong> Att\u00f3l is f\u00fcgg, ki, milyen intenzit\u00e1ssal kezdi el haszn\u00e1lni a szoftvert. \u00dcgyfeleink \u2013 c\u00e9gt\u0151l f\u00fcgg\u0151en \u2013 egy-k\u00e9t h\u00f3napon bel\u00fcl \u00e1llnak r\u00e1 a teljes szoftverhaszn\u00e1latra, amikor m\u00e1r minden ir\u00e1ny \u00e9s div\u00edzi\u00f3 haszn\u00e1lja, teh\u00e1t a szerz\u0151d\u00e9sk\u00f6t\u00e9st\u0151l sz\u00e1m\u00edtva m\u00e1r az els\u0151 negyed\u00e9vben m\u00e9rhet\u0151 \u00e9s megtakar\u00edt\u00e1sban kimutathat\u00f3 eredm\u00e9nyeket is hoz a rendszer. A megt\u00e9r\u00fcl\u00e9si id\u0151 v\u00e1ltoz\u00f3, tudok olyan p\u00e9ld\u00e1t hozni, ahol m\u00e1r az els\u0151 h\u00f3napban a licencd\u00edj 8,5-szeres\u00e9t takar\u00edtotta meg a szoftver\u00fcnk, de ez nagyban f\u00fcgg att\u00f3l is, ki milyen probl\u00e9m\u00e1k kezel\u00e9s\u00e9re k\u00edv\u00e1nja haszn\u00e1lni.<\/p>\n<h3>autopro.hu: Mennyire jellemz\u0151 a GLABs-re az \u201eafter sales\u201d szolg\u00e1ltat\u00e1s? ig\u00e9nylik a partnerek a szoftver fejleszt\u00e9s\u00e9t, esetleg jav\u00edt\u00e1s\u00e1t?<\/h3>\n<p><strong>P. Z. \/ GLABs:<\/strong> Az egyik legnagyobb elismer\u00e9s sz\u00e1munkra, hogy aki az elm\u00falt hat \u00e9vben \u00fcgyfel\u00fcnk lett, az jelenleg is \u00fcgyfel\u00fcnk \u00e9s haszn\u00e1lja szolg\u00e1ltat\u00e1sunkat, teh\u00e1t nincs \u00fcgyf\u00e9lveszt\u00e9s\u00fcnk. Tal\u00e1n ennek oka az is, hogy a szoftver\u00fcnket folyamatosan fejlesztj\u00fck, figyel\u00fcnk az \u00fcgyfeleinkre, figyel\u00fcnk a piaci helyzetekre \u00e9s t\u00f6reksz\u00fcnk, hogy gyorsan \u00e9s agilisen reag\u00e1ljunk r\u00e1.<\/p>\n<p>Term\u00e9szetesen, mint a szoftver fejleszt\u0151i, ha b\u00e1rmi plusz k\u00e9r\u00e9s van, akkor azokat rugalmasan kezelj\u00fck, folyamatosan kapcsolatban \u00e1llunk \u00fcgyfeleinkkel \u00e9s igyeksz\u00fcnk a lehet\u0151 legjobb megold\u00e1st megtal\u00e1lni \u00e9s kialak\u00edtani sz\u00e1mukra.<\/p>\n<h3>autopro.hu: Milyen hat\u00e1sokat okozott a c\u00e9g \u00e9let\u00e9ben a korona v\u00edrus-j\u00e1rv\u00e1ny?<\/h3>\n<p><strong>P. Z. \/ GLABs:<\/strong> A COVID hat\u00e1s\u00e1ra az \u00e9rt\u00e9kes\u00edt\u00e9s\u00fcnk lelassult, mert t\u00f6bb olyan multinacion\u00e1lis v\u00e1llalat, akikkel m\u00e1r t\u00e1rgyal\u00e1sban voltunk, f\u00e9l-egy \u00e9ves stopot vezetett be minden \u201cbeszerz\u00e9sre\u201d.<\/p>\n<p>\u00dagy d\u00f6nt\u00f6tt\u00fcnk, hogy a felszabadult bevezet\u00e9si kapacit\u00e1sunkat a neh\u00e9z helyzetben l\u00e9v\u0151 c\u00e9gek t\u00e1mogat\u00e1s\u00e1ra ford\u00edtjuk \u00e9s egy kamp\u00e1ny keret\u00e9ben f\u00e9l \u00e9v ingyenes haszn\u00e1latot \u00e9s ingyenes bevezet\u00e9st biztos\u00edtottunk azon c\u00e9gek sz\u00e1m\u00e1ra, akik a COVID ellen\u00e9re is szerz\u0151dtek vel\u00fcnk. A kamp\u00e1ny j\u00f3l siker\u00fclt, online szoftver bevezet\u00e9ssel t\u00f6bb c\u00e9g is ebben a kaotikus id\u0151szakban kezdte el szoftver\u00fcnk haszn\u00e1lat\u00e1t.<\/p>\n<p>Fejleszt\u00e9si oldalon is gyorsan reag\u00e1ltunk a kialakult helyzetre. A COVID-hoz kapcsol\u00f3d\u00f3an m\u00e9g fontosabb\u00e1 v\u00e1lt a c\u00e9gek sz\u00e1m\u00e1ra, hogy ne pap\u00edralapon t\u00f6rt\u00e9njen az adminisztr\u00e1ci\u00f3 \u00e9s a t\u00e1j\u00e9koztat\u00e1s. Szoftver\u00fcnkbe beker\u00fclt p\u00e9ld\u00e1ul egy olyan funkci\u00f3 amivel az adott telephely automatikusan \u00e9rtes\u00edteni tudta a partnereit a n\u00e1la \u00e9rv\u00e9nyben l\u00e9v\u0151 rakod\u00e1sokat \u00e9rint\u0151 \u00faj elj\u00e1r\u00e1si rendr\u0151l, covid szab\u00e1lyokr\u00f3l.<\/p>\n<h3>autopro.hu: Mennyire alkalmas a szoftver folyamatok m\u00e9r\u00e9s\u00e9re, a m\u0171k\u00f6d\u00e9sek optimaliz\u00e1l\u00e1s\u00e1ra?<\/h3>\n<p><strong>P. Z. \/ GLABs:<\/strong> A szoftverbe minden beker\u00fcl\u0151 adat id\u0151b\u00e9lyeget kap, a sz\u00e1ll\u00edt\u00e1s r\u00f6gz\u00edt\u00e9s\u00e9t\u0151l kezdve az \u00e9rkez\u00e9sen \u00e1t, a bel\u00e9p\u00e9sen kereszt\u00fcl a rakod\u00e1si \u00e9s \u00fcgyint\u00e9z\u00e9si folyamatokig minden, de m\u00e9g a m\u00f3dos\u00edt\u00e1sok is napl\u00f3z\u00e1sra ker\u00fclnek. Ezt k\u00f6vet\u0151en a szoftverben t\u00e1rolt adatok alapj\u00e1n statisztik\u00e1kat lehet k\u00e9sz\u00edteni, k\u00f6vethet\u0151 a rakt\u00e1rak teljes\u00edtm\u00e9nye \u00e9s ig\u00e9nybev\u00e9tele. Vannak olyan partnereink, akik a mi szoftver\u00fcnk alapj\u00e1n \u00e9rt\u00e9kelik a besz\u00e1ll\u00edt\u00f3ikat, fuvaroz\u00f3ikat. A rendszer alkalmas a rakod\u00e1si id\u0151kkel val\u00f3 tr\u00fckk\u00f6z\u00e9sek kisz\u0171r\u00e9s\u00e9re is.<\/p>\n<p>Mint tudjuk, amit nem lehet m\u00e9rni, nem lehet ellen\u0151rizni \u00e9s optimaliz\u00e1lni sem. A szoftver\u00fcnk lehet\u0151v\u00e9 teszi a teljes rakod\u00e1s folyamat m\u00e9r\u00e9s\u00e9t, a t\u00f6bbi pedig m\u00e1r az \u00fcgyfeleinken m\u00falik.<\/p>\n<h3>autopro.hu: \u00d6sszess\u00e9g\u00e9ben elmondhat\u00f3, hogy ha egy c\u00e9g bevezeti a GLABs szoftvert, \u00e9s a partnereinek nagy r\u00e9sze \u00e1t\u00e1ll ennek haszn\u00e1lat\u00e1ra, akkor a t\u00f6bbiek l\u00e9nyeg\u00e9ben r\u00e1k\u00e9nyszer\u00fclnek? m\u00e1sk\u00e9ppen nem kapnak szabad id\u0151pontot rakod\u00e1sra.<\/h3>\n<p><strong>P. Z. \/ GLABs:<\/strong> Alapvet\u0151en h\u00e1tr\u00e1nyt \u00e9lvez az, aki id\u0151pontfoglal\u00e1s n\u00e9lk\u00fcl \u00e9rkezik a telephelyre, viszont ennek szankcion\u00e1l\u00e1sa, valamint a sz\u00e1ll\u00edm\u00e1ny betervez\u00e9se a napba m\u00e1r \u00fcgyfeleinken m\u00falik. Term\u00e9szetesen, min\u00e9l t\u00f6bben haszn\u00e1lj\u00e1k a szoftvert, ann\u00e1l hat\u00e9konyabb \u00e9s nem csak az \u00fcgyfel\u00fcnk sz\u00e1m\u00e1ra, hanem azon sz\u00e1ll\u00edt\u00f3knak is, akik az adott c\u00e9ghez \u00e9rkeznek rakod\u00e1sra, hiszen a t\u00f6bb \u00f3r\u00e1s v\u00e1rakoz\u00e1s helyett szinte v\u00e1rakoz\u00e1s n\u00e9lk\u00fcl rakodhatnak.<\/p>\n<p>C\u00e9lunk, hogy a szoftver\u00fcnkkel menetrendet teremts\u00fcnk a k\u00f6z\u00fati \u00e1rufuvaroz\u00e1sban.<\/p>\n<p>\u00dcgyfeleinket tekintve lassan, ak\u00e1r aut\u00f3ipari sztenderdd\u00e9 is v\u00e1lhat a GLABs. Persze a t\u00f6bbi szektorban is hasznos lehet, de az aut\u00f3ipar dikt\u00e1lja az egyik legfeszesebb temp\u00f3t, ezeket a k\u00f6vetelm\u00e9nyeket megugrottuk, ez alapj\u00e1n k\u00f6nnyen nyitunk m\u00e1s ipar\u00e1gak fel\u00e9 is.<\/p>\n<h3>autopro.hu: Egy ilyen szoftver eset\u00e9ben fontos k\u00e9rd\u00e9s a kiberbiztons\u00e1g. ezen a t\u00e9ren mik a tapasztalatok?<\/h3>\n<p><strong>P. Z. \/ GLABs:<\/strong> Kiben b\u00edzunk, kire b\u00edzzuk adatainkat vagy m\u0171k\u00f6d\u00e9s\u00fcnk egy r\u00e9sz\u00e9t? Szerz\u0151d\u00e9sekkel persze mindent le lehet v\u00e9deni de ebben a felgyorsult vil\u00e1gban mire egy szerz\u0151d\u00e9ssel b\u00e1rmit is \u00e9rv\u00e9nyes\u00edt\u00fcnk, m\u00e1r minden k\u00e9tszer megv\u00e1ltozott, \u00edgy egyre jobban fel\u00e9rt\u00e9kel\u0151dik az adatbizalom k\u00e9rd\u00e9se.<\/p>\n<p>B\u00fcszk\u00e9k vagyunk \u00fcgyfeleinkre \u00e9s a t\u0151l\u00fck kapott bizalomra.<\/p>\n<p>A kiberbiztons\u00e1g \u00e9s a m\u0171k\u00f6d\u00e9si stabilit\u00e1s n\u00e1lunk mindig kiemelt figyelmet kap. Fejleszt\u00e9st is v\u00e9gezt\u00fcnk, amivel v\u00e9dj\u00fck rendszer\u00fcnket, de err\u0151l sajnos nem besz\u00e9lhetek r\u00e9szletesebben. De annyit tal\u00e1n el\u00e1rulhatok, hogy etikus hackerekkel is folyamatosan vizsg\u00e1ltatjuk szoftver\u00fcnk s\u00e9r\u00fcl\u00e9kenys\u00e9g\u00e9t. A stabilit\u00e1s \u00e9rdek\u00e9ben szervereink megb\u00edzhat\u00f3 ISO27001 szabv\u00e1ny\u00fa szerverhostingokban m\u0171k\u00f6dnek, jelenleg 99,99% rendelkez\u00e9sre\u00e1ll\u00e1ssal \u00e9s t\u00f6reksz\u00fcnk, hogy m\u00e9g egy 9-est tehess\u00fcnk a mutat\u00f3sz\u00e1m v\u00e9g\u00e9re.<\/p>\n<p><a href=\"https:\/\/glabs.me\/hu\/mi-a-glabs\/\">TUDJON MEG T\u00d6BBET A GLABS EL\u0150NYEIR\u0150L \u00c9S FUNKCI\u00d3IR\u00d3L.<\/a> TOV\u00c1BBI K\u00c9RD\u00c9SEIVEL KERESSE PERLAKY ZOLT\u00c1NT A +36 30\/346-6031 TELEFONSZ\u00c1MON, A ZOLTAN.PERLAKY@GLABS.ME EMAIL C\u00cdMEN VAGY K\u00c9RJEN SZOFTVER BEMUTAT\u00d3 PREZENT\u00c1CI\u00d3T.[\/vc_column_text][\/vc_column][\/vc_row]<\/p>\n<\/div>","protected":false},"excerpt":{"rendered":"<p>Febru\u00e1r v\u00e9g\u00e9n az Autopro.hu k\u00e9sz\u00edtett egy interj\u00fat vel\u00fcnk, amelyben mes\u00e9lt\u00fcnk t\u00f6bbek k\u00f6z\u00f6tt a szoftver m\u0171k\u00f6d\u00e9s\u00e9r\u0151l, az id\u0151kapuba foglalt id\u0151pontok betart\u00e1s\u00e1r\u00f3l, a megt\u00e9r\u00fcl\u00e9s\u00e9r\u0151l, a kiberbiztons\u00e1gr\u00f3l, valamint arr\u00f3l, hogyan \u00e9rintett minket a koronav\u00edrus j\u00e1rv\u00e1ny.<\/p>\n","protected":false},"author":3,"featured_media":4351,"comment_status":"closed","ping_status":"closed","sticky":false,"template":"","format":"standard","meta":{"footnotes":""},"categories":[6],"tags":[7,13,14,15,12],"class_list":["post-77","post","type-post","status-publish","format-standard","has-post-thumbnail","hentry","category-hirek","tag-glabs","tag-idokapu","tag-idokapu-rendszer","tag-rakodas-management","tag-tsm","category-6","description-off"],"yoast_head":"<!-- This site is optimized with the Yoast SEO plugin v27.7 - https:\/\/yoast.com\/product\/yoast-seo-wordpress\/ -->\n<title>autopro.hu: Percre pontos rakod\u00e1sokat biztos\u00edt a rakt\u00e1raknak egy magyar fejleszt\u0151 c\u00e9g - GLABs - Rakod\u00e1s Management Megold\u00e1sok<\/title>\n<meta name=\"description\" content=\"A GLABs online id\u0151kapu \u00e9s rakod\u00e1s management rendszer a GLABs LSS Kft. saj\u00e1t fejleszt\u00e9s\u0171 szoftvere, telephelyi logisztikai megold\u00e1sokra.\" \/>\n<meta name=\"robots\" content=\"index, follow, max-snippet:-1, max-image-preview:large, max-video-preview:-1\" \/>\n<link rel=\"canonical\" href=\"https:\/\/glabs.me\/hu\/autopro-hu-percre-pontos-rakodasokat-biztosit-a-raktaraknak-egy-magyar-fejleszto-ceg\/\" \/>\n<meta property=\"og:locale\" content=\"hu_HU\" \/>\n<meta property=\"og:type\" content=\"article\" \/>\n<meta property=\"og:title\" content=\"autopro.hu: Percre pontos rakod\u00e1sokat biztos\u00edt a rakt\u00e1raknak egy magyar fejleszt\u0151 c\u00e9g - GLABs - Rakod\u00e1s Management Megold\u00e1sok\" \/>\n<meta property=\"og:description\" content=\"A GLABs online id\u0151kapu \u00e9s rakod\u00e1s management rendszer a GLABs LSS Kft. saj\u00e1t fejleszt\u00e9s\u0171 szoftvere, telephelyi logisztikai megold\u00e1sokra.\" \/>\n<meta property=\"og:url\" content=\"https:\/\/glabs.me\/hu\/autopro-hu-percre-pontos-rakodasokat-biztosit-a-raktaraknak-egy-magyar-fejleszto-ceg\/\" \/>\n<meta property=\"og:site_name\" content=\"GLABs - Rakod\u00e1s Management Megold\u00e1sok\" \/>\n<meta property=\"article:publisher\" content=\"https:\/\/www.facebook.com\/GLABs.software\" \/>\n<meta property=\"article:published_time\" content=\"2021-07-01T06:00:44+00:00\" \/>\n<meta property=\"article:modified_time\" content=\"2026-05-18T07:43:50+00:00\" \/>\n<meta property=\"og:image\" content=\"https:\/\/glabs.me\/wp-content\/uploads\/2021\/12\/forklift-operator-loading-cargo-while-working-warehouse-his-colleagues-are-background.webp\" \/>\n\t<meta property=\"og:image:width\" content=\"2560\" \/>\n\t<meta property=\"og:image:height\" content=\"1707\" \/>\n\t<meta property=\"og:image:type\" content=\"image\/webp\" \/>\n<meta name=\"author\" content=\"Fanni Csiki\" \/>\n<meta name=\"twitter:card\" content=\"summary_large_image\" \/>\n<meta name=\"twitter:label1\" content=\"Szerz\u0151:\" \/>\n\t<meta name=\"twitter:data1\" content=\"Fanni Csiki\" \/>\n\t<meta name=\"twitter:label2\" content=\"Becs\u00fclt olvas\u00e1si id\u0151\" \/>\n\t<meta name=\"twitter:data2\" content=\"8 perc\" \/>\n<script type=\"application\/ld+json\" class=\"yoast-schema-graph\">{\"@context\":\"https:\\\/\\\/schema.org\",\"@graph\":[{\"@type\":\"Article\",\"@id\":\"https:\\\/\\\/glabs.me\\\/hu\\\/autopro-hu-percre-pontos-rakodasokat-biztosit-a-raktaraknak-egy-magyar-fejleszto-ceg\\\/#article\",\"isPartOf\":{\"@id\":\"https:\\\/\\\/glabs.me\\\/hu\\\/autopro-hu-percre-pontos-rakodasokat-biztosit-a-raktaraknak-egy-magyar-fejleszto-ceg\\\/\"},\"author\":{\"name\":\"Fanni Csiki\",\"@id\":\"https:\\\/\\\/glabs.me\\\/hu\\\/#\\\/schema\\\/person\\\/a3b785b09d1f3c6af28ea26e660b3c72\"},\"headline\":\"autopro.hu: Percre pontos rakod\u00e1sokat biztos\u00edt a rakt\u00e1raknak egy magyar fejleszt\u0151 c\u00e9g\",\"datePublished\":\"2021-07-01T06:00:44+00:00\",\"dateModified\":\"2026-05-18T07:43:50+00:00\",\"mainEntityOfPage\":{\"@id\":\"https:\\\/\\\/glabs.me\\\/hu\\\/autopro-hu-percre-pontos-rakodasokat-biztosit-a-raktaraknak-egy-magyar-fejleszto-ceg\\\/\"},\"wordCount\":2724,\"publisher\":{\"@id\":\"https:\\\/\\\/glabs.me\\\/hu\\\/#organization\"},\"image\":{\"@id\":\"https:\\\/\\\/glabs.me\\\/hu\\\/autopro-hu-percre-pontos-rakodasokat-biztosit-a-raktaraknak-egy-magyar-fejleszto-ceg\\\/#primaryimage\"},\"thumbnailUrl\":\"https:\\\/\\\/glabs.me\\\/wp-content\\\/uploads\\\/2021\\\/12\\\/forklift-operator-loading-cargo-while-working-warehouse-his-colleagues-are-background.webp\",\"keywords\":[\"GLABs\",\"id\u0151kapu\",\"id\u0151kapu rendszer\",\"rakod\u00e1s management\",\"TSM\"],\"articleSection\":[\"H\u00edrek\"],\"inLanguage\":\"hu\"},{\"@type\":\"WebPage\",\"@id\":\"https:\\\/\\\/glabs.me\\\/hu\\\/autopro-hu-percre-pontos-rakodasokat-biztosit-a-raktaraknak-egy-magyar-fejleszto-ceg\\\/\",\"url\":\"https:\\\/\\\/glabs.me\\\/hu\\\/autopro-hu-percre-pontos-rakodasokat-biztosit-a-raktaraknak-egy-magyar-fejleszto-ceg\\\/\",\"name\":\"autopro.hu: Percre pontos rakod\u00e1sokat biztos\u00edt a rakt\u00e1raknak egy magyar fejleszt\u0151 c\u00e9g - GLABs - Rakod\u00e1s Management Megold\u00e1sok\",\"isPartOf\":{\"@id\":\"https:\\\/\\\/glabs.me\\\/hu\\\/#website\"},\"primaryImageOfPage\":{\"@id\":\"https:\\\/\\\/glabs.me\\\/hu\\\/autopro-hu-percre-pontos-rakodasokat-biztosit-a-raktaraknak-egy-magyar-fejleszto-ceg\\\/#primaryimage\"},\"image\":{\"@id\":\"https:\\\/\\\/glabs.me\\\/hu\\\/autopro-hu-percre-pontos-rakodasokat-biztosit-a-raktaraknak-egy-magyar-fejleszto-ceg\\\/#primaryimage\"},\"thumbnailUrl\":\"https:\\\/\\\/glabs.me\\\/wp-content\\\/uploads\\\/2021\\\/12\\\/forklift-operator-loading-cargo-while-working-warehouse-his-colleagues-are-background.webp\",\"datePublished\":\"2021-07-01T06:00:44+00:00\",\"dateModified\":\"2026-05-18T07:43:50+00:00\",\"description\":\"A GLABs online id\u0151kapu \u00e9s rakod\u00e1s management rendszer a GLABs LSS Kft. saj\u00e1t fejleszt\u00e9s\u0171 szoftvere, telephelyi logisztikai megold\u00e1sokra.\",\"breadcrumb\":{\"@id\":\"https:\\\/\\\/glabs.me\\\/hu\\\/autopro-hu-percre-pontos-rakodasokat-biztosit-a-raktaraknak-egy-magyar-fejleszto-ceg\\\/#breadcrumb\"},\"inLanguage\":\"hu\",\"potentialAction\":[{\"@type\":\"ReadAction\",\"target\":[\"https:\\\/\\\/glabs.me\\\/hu\\\/autopro-hu-percre-pontos-rakodasokat-biztosit-a-raktaraknak-egy-magyar-fejleszto-ceg\\\/\"]}]},{\"@type\":\"ImageObject\",\"inLanguage\":\"hu\",\"@id\":\"https:\\\/\\\/glabs.me\\\/hu\\\/autopro-hu-percre-pontos-rakodasokat-biztosit-a-raktaraknak-egy-magyar-fejleszto-ceg\\\/#primaryimage\",\"url\":\"https:\\\/\\\/glabs.me\\\/wp-content\\\/uploads\\\/2021\\\/12\\\/forklift-operator-loading-cargo-while-working-warehouse-his-colleagues-are-background.webp\",\"contentUrl\":\"https:\\\/\\\/glabs.me\\\/wp-content\\\/uploads\\\/2021\\\/12\\\/forklift-operator-loading-cargo-while-working-warehouse-his-colleagues-are-background.webp\",\"width\":2560,\"height\":1707},{\"@type\":\"BreadcrumbList\",\"@id\":\"https:\\\/\\\/glabs.me\\\/hu\\\/autopro-hu-percre-pontos-rakodasokat-biztosit-a-raktaraknak-egy-magyar-fejleszto-ceg\\\/#breadcrumb\",\"itemListElement\":[{\"@type\":\"ListItem\",\"position\":1,\"name\":\"Kezd\u0151lap\",\"item\":\"https:\\\/\\\/glabs.me\\\/hu\\\/\"},{\"@type\":\"ListItem\",\"position\":2,\"name\":\"autopro.hu: Percre pontos rakod\u00e1sokat biztos\u00edt a rakt\u00e1raknak egy magyar fejleszt\u0151 c\u00e9g\"}]},{\"@type\":\"WebSite\",\"@id\":\"https:\\\/\\\/glabs.me\\\/hu\\\/#website\",\"url\":\"https:\\\/\\\/glabs.me\\\/hu\\\/\",\"name\":\"GLABs - Rakod\u00e1s Management Megold\u00e1sok\",\"description\":\"\",\"publisher\":{\"@id\":\"https:\\\/\\\/glabs.me\\\/hu\\\/#organization\"},\"potentialAction\":[{\"@type\":\"SearchAction\",\"target\":{\"@type\":\"EntryPoint\",\"urlTemplate\":\"https:\\\/\\\/glabs.me\\\/hu\\\/?s={search_term_string}\"},\"query-input\":{\"@type\":\"PropertyValueSpecification\",\"valueRequired\":true,\"valueName\":\"search_term_string\"}}],\"inLanguage\":\"hu\"},{\"@type\":\"Organization\",\"@id\":\"https:\\\/\\\/glabs.me\\\/hu\\\/#organization\",\"name\":\"GLABs LSS\",\"alternateName\":\"GLABs\",\"url\":\"https:\\\/\\\/glabs.me\\\/hu\\\/\",\"logo\":{\"@type\":\"ImageObject\",\"inLanguage\":\"hu\",\"@id\":\"https:\\\/\\\/glabs.me\\\/hu\\\/#\\\/schema\\\/logo\\\/image\\\/\",\"url\":\"https:\\\/\\\/dev-glabsme.srv1.clbr.hu\\\/wp-content\\\/uploads\\\/2022\\\/06\\\/GLABs.svg\",\"contentUrl\":\"https:\\\/\\\/dev-glabsme.srv1.clbr.hu\\\/wp-content\\\/uploads\\\/2022\\\/06\\\/GLABs.svg\",\"width\":\"68\",\"height\":\"35\",\"caption\":\"GLABs LSS\"},\"image\":{\"@id\":\"https:\\\/\\\/glabs.me\\\/hu\\\/#\\\/schema\\\/logo\\\/image\\\/\"},\"sameAs\":[\"https:\\\/\\\/www.facebook.com\\\/GLABs.software\",\"https:\\\/\\\/www.youtube.com\\\/@GLABs\",\"https:\\\/\\\/www.linkedin.com\\\/company\\\/glabs\\\/\"]},{\"@type\":\"Person\",\"@id\":\"https:\\\/\\\/glabs.me\\\/hu\\\/#\\\/schema\\\/person\\\/a3b785b09d1f3c6af28ea26e660b3c72\",\"name\":\"Fanni Csiki\",\"sameAs\":[\"https:\\\/\\\/glbas.me\"],\"url\":\"https:\\\/\\\/glabs.me\\\/hu\\\/author\\\/csikif\\\/\"}]}<\/script>\n<!-- \/ Yoast SEO plugin. -->","yoast_head_json":{"title":"autopro.hu: Percre pontos rakod\u00e1sokat biztos\u00edt a rakt\u00e1raknak egy magyar fejleszt\u0151 c\u00e9g - GLABs - Rakod\u00e1s Management Megold\u00e1sok","description":"A GLABs online id\u0151kapu \u00e9s rakod\u00e1s management rendszer a GLABs LSS Kft. saj\u00e1t fejleszt\u00e9s\u0171 szoftvere, telephelyi logisztikai megold\u00e1sokra.","robots":{"index":"index","follow":"follow","max-snippet":"max-snippet:-1","max-image-preview":"max-image-preview:large","max-video-preview":"max-video-preview:-1"},"canonical":"https:\/\/glabs.me\/hu\/autopro-hu-percre-pontos-rakodasokat-biztosit-a-raktaraknak-egy-magyar-fejleszto-ceg\/","og_locale":"hu_HU","og_type":"article","og_title":"autopro.hu: Percre pontos rakod\u00e1sokat biztos\u00edt a rakt\u00e1raknak egy magyar fejleszt\u0151 c\u00e9g - GLABs - Rakod\u00e1s Management Megold\u00e1sok","og_description":"A GLABs online id\u0151kapu \u00e9s rakod\u00e1s management rendszer a GLABs LSS Kft. saj\u00e1t fejleszt\u00e9s\u0171 szoftvere, telephelyi logisztikai megold\u00e1sokra.","og_url":"https:\/\/glabs.me\/hu\/autopro-hu-percre-pontos-rakodasokat-biztosit-a-raktaraknak-egy-magyar-fejleszto-ceg\/","og_site_name":"GLABs - Rakod\u00e1s Management Megold\u00e1sok","article_publisher":"https:\/\/www.facebook.com\/GLABs.software","article_published_time":"2021-07-01T06:00:44+00:00","article_modified_time":"2026-05-18T07:43:50+00:00","og_image":[{"width":2560,"height":1707,"url":"https:\/\/glabs.me\/wp-content\/uploads\/2021\/12\/forklift-operator-loading-cargo-while-working-warehouse-his-colleagues-are-background.webp","type":"image\/webp"}],"author":"Fanni Csiki","twitter_card":"summary_large_image","twitter_misc":{"Szerz\u0151:":"Fanni Csiki","Becs\u00fclt olvas\u00e1si id\u0151":"8 perc"},"schema":{"@context":"https:\/\/schema.org","@graph":[{"@type":"Article","@id":"https:\/\/glabs.me\/hu\/autopro-hu-percre-pontos-rakodasokat-biztosit-a-raktaraknak-egy-magyar-fejleszto-ceg\/#article","isPartOf":{"@id":"https:\/\/glabs.me\/hu\/autopro-hu-percre-pontos-rakodasokat-biztosit-a-raktaraknak-egy-magyar-fejleszto-ceg\/"},"author":{"name":"Fanni Csiki","@id":"https:\/\/glabs.me\/hu\/#\/schema\/person\/a3b785b09d1f3c6af28ea26e660b3c72"},"headline":"autopro.hu: Percre pontos rakod\u00e1sokat biztos\u00edt a rakt\u00e1raknak egy magyar fejleszt\u0151 c\u00e9g","datePublished":"2021-07-01T06:00:44+00:00","dateModified":"2026-05-18T07:43:50+00:00","mainEntityOfPage":{"@id":"https:\/\/glabs.me\/hu\/autopro-hu-percre-pontos-rakodasokat-biztosit-a-raktaraknak-egy-magyar-fejleszto-ceg\/"},"wordCount":2724,"publisher":{"@id":"https:\/\/glabs.me\/hu\/#organization"},"image":{"@id":"https:\/\/glabs.me\/hu\/autopro-hu-percre-pontos-rakodasokat-biztosit-a-raktaraknak-egy-magyar-fejleszto-ceg\/#primaryimage"},"thumbnailUrl":"https:\/\/glabs.me\/wp-content\/uploads\/2021\/12\/forklift-operator-loading-cargo-while-working-warehouse-his-colleagues-are-background.webp","keywords":["GLABs","id\u0151kapu","id\u0151kapu rendszer","rakod\u00e1s management","TSM"],"articleSection":["H\u00edrek"],"inLanguage":"hu"},{"@type":"WebPage","@id":"https:\/\/glabs.me\/hu\/autopro-hu-percre-pontos-rakodasokat-biztosit-a-raktaraknak-egy-magyar-fejleszto-ceg\/","url":"https:\/\/glabs.me\/hu\/autopro-hu-percre-pontos-rakodasokat-biztosit-a-raktaraknak-egy-magyar-fejleszto-ceg\/","name":"autopro.hu: Percre pontos rakod\u00e1sokat biztos\u00edt a rakt\u00e1raknak egy magyar fejleszt\u0151 c\u00e9g - GLABs - Rakod\u00e1s Management Megold\u00e1sok","isPartOf":{"@id":"https:\/\/glabs.me\/hu\/#website"},"primaryImageOfPage":{"@id":"https:\/\/glabs.me\/hu\/autopro-hu-percre-pontos-rakodasokat-biztosit-a-raktaraknak-egy-magyar-fejleszto-ceg\/#primaryimage"},"image":{"@id":"https:\/\/glabs.me\/hu\/autopro-hu-percre-pontos-rakodasokat-biztosit-a-raktaraknak-egy-magyar-fejleszto-ceg\/#primaryimage"},"thumbnailUrl":"https:\/\/glabs.me\/wp-content\/uploads\/2021\/12\/forklift-operator-loading-cargo-while-working-warehouse-his-colleagues-are-background.webp","datePublished":"2021-07-01T06:00:44+00:00","dateModified":"2026-05-18T07:43:50+00:00","description":"A GLABs online id\u0151kapu \u00e9s rakod\u00e1s management rendszer a GLABs LSS Kft. saj\u00e1t fejleszt\u00e9s\u0171 szoftvere, telephelyi logisztikai megold\u00e1sokra.","breadcrumb":{"@id":"https:\/\/glabs.me\/hu\/autopro-hu-percre-pontos-rakodasokat-biztosit-a-raktaraknak-egy-magyar-fejleszto-ceg\/#breadcrumb"},"inLanguage":"hu","potentialAction":[{"@type":"ReadAction","target":["https:\/\/glabs.me\/hu\/autopro-hu-percre-pontos-rakodasokat-biztosit-a-raktaraknak-egy-magyar-fejleszto-ceg\/"]}]},{"@type":"ImageObject","inLanguage":"hu","@id":"https:\/\/glabs.me\/hu\/autopro-hu-percre-pontos-rakodasokat-biztosit-a-raktaraknak-egy-magyar-fejleszto-ceg\/#primaryimage","url":"https:\/\/glabs.me\/wp-content\/uploads\/2021\/12\/forklift-operator-loading-cargo-while-working-warehouse-his-colleagues-are-background.webp","contentUrl":"https:\/\/glabs.me\/wp-content\/uploads\/2021\/12\/forklift-operator-loading-cargo-while-working-warehouse-his-colleagues-are-background.webp","width":2560,"height":1707},{"@type":"BreadcrumbList","@id":"https:\/\/glabs.me\/hu\/autopro-hu-percre-pontos-rakodasokat-biztosit-a-raktaraknak-egy-magyar-fejleszto-ceg\/#breadcrumb","itemListElement":[{"@type":"ListItem","position":1,"name":"Kezd\u0151lap","item":"https:\/\/glabs.me\/hu\/"},{"@type":"ListItem","position":2,"name":"autopro.hu: Percre pontos rakod\u00e1sokat biztos\u00edt a rakt\u00e1raknak egy magyar fejleszt\u0151 c\u00e9g"}]},{"@type":"WebSite","@id":"https:\/\/glabs.me\/hu\/#website","url":"https:\/\/glabs.me\/hu\/","name":"GLABs - Rakod\u00e1s Management Megold\u00e1sok","description":"","publisher":{"@id":"https:\/\/glabs.me\/hu\/#organization"},"potentialAction":[{"@type":"SearchAction","target":{"@type":"EntryPoint","urlTemplate":"https:\/\/glabs.me\/hu\/?s={search_term_string}"},"query-input":{"@type":"PropertyValueSpecification","valueRequired":true,"valueName":"search_term_string"}}],"inLanguage":"hu"},{"@type":"Organization","@id":"https:\/\/glabs.me\/hu\/#organization","name":"GLABs LSS","alternateName":"GLABs","url":"https:\/\/glabs.me\/hu\/","logo":{"@type":"ImageObject","inLanguage":"hu","@id":"https:\/\/glabs.me\/hu\/#\/schema\/logo\/image\/","url":"https:\/\/dev-glabsme.srv1.clbr.hu\/wp-content\/uploads\/2022\/06\/GLABs.svg","contentUrl":"https:\/\/dev-glabsme.srv1.clbr.hu\/wp-content\/uploads\/2022\/06\/GLABs.svg","width":"68","height":"35","caption":"GLABs LSS"},"image":{"@id":"https:\/\/glabs.me\/hu\/#\/schema\/logo\/image\/"},"sameAs":["https:\/\/www.facebook.com\/GLABs.software","https:\/\/www.youtube.com\/@GLABs","https:\/\/www.linkedin.com\/company\/glabs\/"]},{"@type":"Person","@id":"https:\/\/glabs.me\/hu\/#\/schema\/person\/a3b785b09d1f3c6af28ea26e660b3c72","name":"Fanni Csiki","sameAs":["https:\/\/glbas.me"],"url":"https:\/\/glabs.me\/hu\/author\/csikif\/"}]}},"_links":{"self":[{"href":"https:\/\/glabs.me\/hu\/wp-json\/wp\/v2\/posts\/77","targetHints":{"allow":["GET"]}}],"collection":[{"href":"https:\/\/glabs.me\/hu\/wp-json\/wp\/v2\/posts"}],"about":[{"href":"https:\/\/glabs.me\/hu\/wp-json\/wp\/v2\/types\/post"}],"author":[{"embeddable":true,"href":"https:\/\/glabs.me\/hu\/wp-json\/wp\/v2\/users\/3"}],"replies":[{"embeddable":true,"href":"https:\/\/glabs.me\/hu\/wp-json\/wp\/v2\/comments?post=77"}],"version-history":[{"count":4,"href":"https:\/\/glabs.me\/hu\/wp-json\/wp\/v2\/posts\/77\/revisions"}],"predecessor-version":[{"id":10197,"href":"https:\/\/glabs.me\/hu\/wp-json\/wp\/v2\/posts\/77\/revisions\/10197"}],"wp:featuredmedia":[{"embeddable":true,"href":"https:\/\/glabs.me\/hu\/wp-json\/wp\/v2\/media\/4351"}],"wp:attachment":[{"href":"https:\/\/glabs.me\/hu\/wp-json\/wp\/v2\/media?parent=77"}],"wp:term":[{"taxonomy":"category","embeddable":true,"href":"https:\/\/glabs.me\/hu\/wp-json\/wp\/v2\/categories?post=77"},{"taxonomy":"post_tag","embeddable":true,"href":"https:\/\/glabs.me\/hu\/wp-json\/wp\/v2\/tags?post=77"}],"curies":[{"name":"wp","href":"https:\/\/api.w.org\/{rel}","templated":true}]}}