{"id":6444,"date":"2024-01-25T17:05:24","date_gmt":"2024-01-25T15:05:24","guid":{"rendered":"https:\/\/ujdomain.hu\/?p=6444"},"modified":"2025-01-22T15:43:27","modified_gmt":"2025-01-22T13:43:27","slug":"allasido-es-allasdij-ertelmezese-az-uj-kasz-20-2016-vi-7-korm-rendelet-alapjan","status":"publish","type":"post","link":"https:\/\/glabs.me\/hu\/allasido-es-allasdij-ertelmezese-az-uj-kasz-20-2016-vi-7-korm-rendelet-alapjan\/","title":{"rendered":"\u00c1ll\u00e1sid\u0151 \u00e9s \u00e1ll\u00e1sd\u00edj \u00e9rtelmez\u00e9se az \u00faj K\u00c1SZ 20\/2016. (VI. 7.) Korm. rendelet alapj\u00e1n"},"content":{"rendered":"<h3><span style=\"font-weight: 400;\">A K\u00c1SZ, azaz a k\u00f6z\u00fati \u00e1rutov\u00e1bb\u00edt\u00e1si szerz\u0151d\u00e9sekr\u0151l sz\u00f3l\u00f3 <a href=\"https:\/\/net.jogtar.hu\/jogszabaly?docid=a1600120.kor#\">120\/2016. (VI. 7.) Korm. rendelet m\u00f3dos\u00edt\u00e1s\u00e1nak 4.\u2005\u00a7 -ban<\/a> rendelkezik az \u00e1ll\u00e1sid\u0151 p\u00f3td\u00edj fizet\u00e9si k\u00f6telezetts\u00e9gr\u0151l.<\/span><\/h3>\n<p><span style=\"font-weight: 400;\">T\u00f6rv\u00e9ny r\u00e9szlet:<\/span><\/p>\n<p><i><span style=\"font-weight: 400;\">4.\u2005\u00a7 A Korm. rendelet 8. \u00a7 (1) bekezd\u00e9se hely\u00e9be a k\u00f6vetkez\u0151 rendelkez\u00e9s l\u00e9p:<\/span><\/i><\/p>\n<p><i><span style=\"font-weight: 400;\">\u00a0\u201e(1) Ha a fuvaroz\u00f3 az \u00e1tv\u00e9telre vagy kiszolg\u00e1ltat\u00e1sra a szerz\u0151d\u00e9sben meghat\u00e1rozott id\u0151re k\u00e9szen \u00e1ll, azonban az \u00e1ru rakod\u00e1sa az azt k\u00f6vet\u0151 egy \u00f3r\u00e1n bel\u00fcl nem fejez\u0151dik be, az ezen fel\u00fcli id\u0151tartam \u2013 a fuvaroz\u00f3 rakod\u00e1sban \u00e9s raklap v\u00e1logat\u00e1sban val\u00f3 7. \u00a7 (6) bekezd\u00e9se szerinti r\u00e9szv\u00e9tel\u00e9nek eset\u00e9t kiv\u00e9ve \u2013 \u00e1ll\u00e1sid\u0151nek min\u0151s\u00fcl, amely\u00e9rt a fuvaroz\u00f3 k\u00fcl\u00f6n d\u00edjat sz\u00e1m\u00edt fel. Az \u00e1ll\u00e1sid\u0151 d\u00edja nem lehet kevesebb, mint \u00f3r\u00e1nk\u00e9nt 8636 forint. Az \u00e1ll\u00e1sid\u0151 meghat\u00e1roz\u00e1s\u00e1n\u00e1l minden megkezdett \u00f3ra eg\u00e9sz \u00f3r\u00e1nak sz\u00e1m\u00edt. A fuvaroz\u00f3 r\u00e9sz\u00e9re az \u00e1ll\u00e1sid\u0151 id\u0151tartam\u00e1t az k\u00f6teles \u00edr\u00e1sban igazolni, akinek \u00e9rdekk\u00f6r\u00e9ben az \u00e1ll\u00e1sid\u0151 bek\u00f6vetkezett. \u00cdr\u00e1sos igazol\u00e1s hi\u00e1ny\u00e1ban a fuvaroz\u00f3 az \u00e1ll\u00e1sid\u0151t m\u00e1s hitelt \u00e9rdeml\u0151 m\u00f3don is igazolhatja, k\u00fcl\u00f6n\u00f6sen, de nem kiz\u00e1r\u00f3lag a GPS adatainak bemutat\u00e1s\u00e1val.\u201d<\/span><\/i><\/p>\n<p><span style=\"font-weight: 400;\">B\u00e1r gyakorlati tapasztalatok \u00e9s sz\u00e1mok m\u00e9g nincsenek, m\u00e1r most prognosztiz\u00e1lhat\u00f3, hogy az 1 \u00f3r\u00e1s kiszolg\u00e1l\u00e1si id\u0151 limit miatt a legt\u00f6bb rakod\u00e1si hely \u00e9rintett lesz \u00e1ll\u00e1sd\u00edj fizet\u00e9sben. Ez a kb. minimum 22 EUR k\u00f6lts\u00e9get alapul v\u00e9ve, ak\u00e1r jelent\u0151s plusz k\u00f6lts\u00e9get is jelenthet a rakod\u00e1si helyek sz\u00e1m\u00e1ra.<\/span><\/p>\n<p><span style=\"font-weight: 400;\">B\u00e1r egyre t\u00f6bb c\u00e9g haszn\u00e1l id\u0151kapu megold\u00e1st, az \u00faj rendelet nem tesz k\u00fcl\u00f6nbs\u00e9get id\u0151kapus \u00e9s id\u0151kapu n\u00e9lk\u00fcli telephelyek k\u00f6z\u00f6tt.\u00a0<\/span><\/p>\n<p><span style=\"font-weight: 400;\">N\u00e9zz\u00fck meg, hogy vonatkozhat a t\u00f6rv\u00e9ny olyan telephelyekre, ahol id\u0151kapu megold\u00e1s \u00fczemel.<\/span><\/p>\n<p><span style=\"font-weight: 400;\">A K\u00c1SZ szerint azon rakod\u00e1sok eset\u00e9n amelyek t\u00f6bb mint 1 \u00f3r\u00e1t vesznek ig\u00e9nybe \u00e9s a rakod\u00e1sban a sof\u0151r nem vesz r\u00e9szt, az 1 \u00f3r\u00e1n t\u00fali id\u0151re min 8636 azaz min kb. 22\u20ac \u00e1ll\u00e1sd\u00edjat kell megfizetni a fuvaroz\u00f3 sz\u00e1m\u00e1ra.\u00a0<\/span><\/p>\n<p><span style=\"font-weight: 400;\">A K\u00c1SZ azt is meghat\u00e1rozza hogyan sz\u00e1moljuk az 1 \u00f3r\u00e1t, teh\u00e1t mi a rakod\u00e1s t\u00e9nyleges kezdete, b\u00e1r ez m\u00e1r k\u00f6zel sem olyan pontos mint a t\u00f6rv\u00e9ny t\u00f6bbi r\u00e9sze, \u00edgy felmer\u00fclhetnek \u00e9rtelmez\u00e9sbeli elt\u00e9r\u00e9sek: \u201c<\/span><i><span style=\"font-weight: 400;\">Ha a fuvaroz\u00f3 az \u00e1tv\u00e9telre vagy kiszolg\u00e1ltat\u00e1sra a szerz\u0151d\u00e9sben meghat\u00e1rozott id\u0151re k\u00e9szen \u00e1ll\u201d\u00a0<\/span><\/i><\/p>\n<p><span style=\"font-weight: 400;\">Mi sz\u00e1m\u00edt szerz\u0151d\u00e9sben meghat\u00e1rozott id\u0151nek?\u00a0<\/span><\/p>\n<p><span style=\"font-weight: 400;\">Mivel a t\u00f6rv\u00e9ny nem k\u00f6ti ki a szerz\u0151d\u00e9s \u00edr\u00e1sbelis\u00e9g\u00e9t a rakod\u00e1si id\u0151pont meg\u00e1llapod\u00e1s t\u00f6rt\u00e9nhet sz\u00f3ban (telefonos egyeztet\u00e9s), \u00edr\u00e1sban (azaz pl. e-mailben), vagy ak\u00e1r r\u00e1utal\u00f3 magatart\u00e1ssal is, ami jelenthet id\u0151kapus regisztr\u00e1ci\u00f3t \u00e9s id\u0151pont foglal\u00e1st is, \u00edgy ez az id\u0151pont \u00e9rtelmezhet\u0151 szerz\u0151d\u00e9sben meghat\u00e1rozott id\u0151pontnak, azaz a fuvaroz\u00f3nak ekkorra kell k\u00e9szen \u00e1llnia a rakod\u00e1sra.\u00a0<\/span><\/p>\n<p><span style=\"font-weight: 400;\">Ak\u00e1r sz\u00f3ban, ak\u00e1r \u00edr\u00e1sban, ak\u00e1r id\u0151kapu foglal\u00e1ssal t\u00f6rt\u00e9nt a rakod\u00e1si id\u0151pont megegyez\u00e9s, meg\u00e1llap\u00edthatjuk hogy az \u00e9rkez\u00e9si id\u0151pontot ismeret\u00e9ben jelent\u0151sen javul a telephelyek helyzete, hiszen \u00edgy tervezhet\u0151v\u00e9 v\u00e1lnak a rakod\u00e1sok, id\u0151ben pickingelhet\u0151 \u00e9s el\u0151k\u00e9sz\u00edthet\u0151 az \u00e1ru a tervezett rakod\u00f3 r\u00e1mp\u00e1ra, \u00edgy ak\u00e1r m\u00e1r kivitelezhet\u0151nek is t\u0171nik az 1 \u00f3r\u00e1s teljes rakod\u00e1si id\u0151. Term\u00e9szetesen ehhez m\u00e1r sz\u00fcks\u00e9ges lesz egy rakod\u00e1s management rendszer, amivel nyilv\u00e1ntarthat\u00f3, megszervezhet\u0151 \u00e9s m\u00e9rhet\u0151 a teljes rakod\u00e1si folyamat.\u00a0<\/span><\/p>\n<p><a href=\"\/hu\/mi-a-glabs\/\"><span style=\"font-weight: 400;\">Ismerje meg\u00a0 GLABs telephelyi rakod\u00e1s management szoftvercsal\u00e1dunkat &gt;&gt;\u00a0<\/span><\/a><\/p>\n<p>&nbsp;<\/p>\n<p><span style=\"font-weight: 400;\">A t\u00f6rv\u00e9nyb\u0151l az is kider\u00fcl, hogy ha a fuvaroz\u00f3 nem \u00e1ll k\u00e9szen a szerz\u0151d\u00e9sben meghat\u00e1rozott id\u0151re az \u00e1tv\u00e9telre vagy kiszolg\u00e1ltat\u00e1sra, azaz nem \u00e9rkezik meg a rakod\u00e1si id\u0151pontj\u00e1ra, nem jogosult \u00e1ll\u00e1sd\u00edj elsz\u00e1mol\u00e1sra. A vit\u00e1s helyzetek elker\u00fcl\u00e9se \u00e9rdek\u00e9ben ennek t\u00e9ny\u00e9t \u00e9rdemes a sof\u0151rrel a helysz\u00ednen igazoltatni. Ennek hi\u00e1ny\u00e1ban ak\u00e1r az is el\u0151fordulhat, hogy b\u00e1r a fuvaroz\u00f3 nem \u00e1llt k\u00e9szen a rakod\u00e1sra, ez\u00e9rt csak k\u00e9s\u0151bb jelentkezett be a telephelyen, de a g\u00e9pj\u00e1rm\u0171 GPS adatai alapj\u00e1n egy k\u00f6zeli parkol\u00e1s eset\u00e9n m\u00e9gis arra lehet k\u00f6vetkeztetni, hogy a megbesz\u00e9lt id\u0151ben a helysz\u00ednen volt, ami vit\u00e1s helyzetekhez vezethet az \u00e1ll\u00e1sd\u00edj elsz\u00e1mol\u00e1sokn\u00e1l.\u00a0<\/span><\/p>\n<p><span style=\"font-weight: 400;\">A t\u00f6rv\u00e9ny nem defini\u00e1lja pontosan azt az esetet, ha a fuvaroz\u00f3 el\u0151zetes id\u0151pont n\u00e9lk\u00fcl \u00e9rkezik egy id\u0151kapus telephelyre. \u00cdgy ezt az esetet tekinthetj\u00fck \u00fagy is, hogy a fuvaroz\u00f3 szerz\u0151d\u00e9sben meghat\u00e1rozott id\u0151 n\u00e9lk\u00fcl \u00e9rkezett a rakod\u00f3ra. Ebben az esetben a bejelentkez\u00e9skor t\u00f6rt\u00e9nik meg a rakod\u00e1si id\u0151pont egyeztet\u00e9s, \u00edgy automatikusan sz\u00f3beli szerz\u0151d\u00e9ssel ez lesz a szerz\u0151d\u00e9sben meghat\u00e1rozott id\u0151. Ezt k\u00f6vet\u0151en m\u00e1r csak az a fontos, hogy a rakod\u00e1s meg is t\u00f6rt\u00e9njen ebben az id\u0151ben. Ezeket a folyamatokat is ide\u00e1lisan tudja t\u00e1mogatni a TSM vagy YARD Management szoftver.\u00a0<\/span><\/p>\n<p><span style=\"font-weight: 400;\">Az id\u0151kapus helyek sz\u00e1m\u00e1ra mindenk\u00e9pp javasoljuk, hogy a partneri szerz\u0151d\u00e9seket eg\u00e9sz\u00edts\u00e9k ki az id\u0151pontra \u00e9rkez\u00e9ssel, ami az id\u0151pont n\u00e9lk\u00fcl \u00e9rkez\u0151 teherg\u00e9pj\u00e1rm\u0171vek eset\u00e9n egy\u00e9rtelm\u0171s\u00edti, a szerz\u0151d\u00e9sben meghat\u00e1rozott id\u0151 n\u00e9lk\u00fcl \u00e9rkez\u00e9s t\u00e9ny\u00e9t.\u00a0<\/span><\/p>\n<p><span style=\"font-weight: 400;\">\u00c1ltal\u00e1nos javaslatk\u00e9nt minden telephely sz\u00e1m\u00e1ra tan\u00e1csoljuk, hogy a rakod\u00e1sok v\u00e9g\u00e9n \u00e1ll\u00edtsanak ki \u00e1ll\u00e1sd\u00edj igazol\u00e1st, mert a t\u00f6bblet adminisztr\u00e1ci\u00f3 ellen\u00e9re is eg\u00e9sz biztosan alacsonyabb \u00e1ll\u00e1sd\u00edj k\u00f6lts\u00e9ggel kell sz\u00e1molni ahhoz k\u00e9pest, mintha az \u00e1ll\u00e1sid\u0151 \u00e9s \u00e1ll\u00e1sd\u00edj meghat\u00e1roz\u00e1s a g\u00e9pj\u00e1rm\u0171vek GPS helyadatai alapj\u00e1n t\u00f6rt\u00e9nik.<\/span><\/p>\n","protected":false},"excerpt":{"rendered":"<p>A K\u00c1SZ, azaz a k\u00f6z\u00fati \u00e1rutov\u00e1bb\u00edt\u00e1si szerz\u0151d\u00e9sekr\u0151l sz\u00f3l\u00f3 120\/2016. (VI. 7.) Korm. rendelet m\u00f3dos\u00edt\u00e1s\u00e1nak 4.\u2005\u00a7 -ban rendelkezik az \u00e1ll\u00e1sid\u0151 p\u00f3td\u00edj fizet\u00e9si k\u00f6telezetts\u00e9gr\u0151l.<\/p>\n","protected":false},"author":3,"featured_media":6445,"comment_status":"closed","ping_status":"closed","sticky":false,"template":"","format":"standard","meta":{"footnotes":""},"categories":[6,150],"tags":[180,181,59,182,183],"class_list":["post-6444","post","type-post","status-publish","format-standard","has-post-thumbnail","hentry","category-hirek","category-logisztika","tag-allasdij","tag-allasdijkoltseg","tag-allasido","tag-kasz","tag-kormanyrendelet","category-6","category-150","description-off"],"yoast_head":"<!-- This site is optimized with the Yoast SEO plugin v27.7 - https:\/\/yoast.com\/product\/yoast-seo-wordpress\/ -->\n<title>\u00c1ll\u00e1sid\u0151 \u00e9s \u00e1ll\u00e1sd\u00edj \u00e9rtelmez\u00e9se az \u00faj K\u00c1SZ 20\/2016. (VI. 7.) Korm. rendelet alapj\u00e1n - GLABs - Rakod\u00e1s Management Megold\u00e1sok<\/title>\n<meta name=\"description\" content=\"A K\u00c1SZ 120\/2016. (VI. 7.) Korm. rendelet m\u00f3dos\u00edt\u00e1s\u00e1nak 4.\u2005\u00a7 -ban rendelkezik az \u00e1ll\u00e1sid\u0151 p\u00f3td\u00edj fizet\u00e9si k\u00f6telezetts\u00e9gr\u0151l\" \/>\n<meta name=\"robots\" content=\"index, follow, max-snippet:-1, max-image-preview:large, max-video-preview:-1\" \/>\n<link rel=\"canonical\" href=\"https:\/\/glabs.me\/hu\/allasido-es-allasdij-ertelmezese-az-uj-kasz-20-2016-vi-7-korm-rendelet-alapjan\/\" \/>\n<meta property=\"og:locale\" content=\"hu_HU\" \/>\n<meta property=\"og:type\" content=\"article\" \/>\n<meta property=\"og:title\" content=\"\u00c1ll\u00e1sid\u0151 \u00e9s \u00e1ll\u00e1sd\u00edj \u00e9rtelmez\u00e9se az \u00faj K\u00c1SZ 20\/2016. (VI. 7.) Korm. rendelet alapj\u00e1n - GLABs - Rakod\u00e1s Management Megold\u00e1sok\" \/>\n<meta property=\"og:description\" content=\"A K\u00c1SZ 120\/2016. (VI. 7.) Korm. rendelet m\u00f3dos\u00edt\u00e1s\u00e1nak 4.\u2005\u00a7 -ban rendelkezik az \u00e1ll\u00e1sid\u0151 p\u00f3td\u00edj fizet\u00e9si k\u00f6telezetts\u00e9gr\u0151l\" \/>\n<meta property=\"og:url\" content=\"https:\/\/glabs.me\/hu\/allasido-es-allasdij-ertelmezese-az-uj-kasz-20-2016-vi-7-korm-rendelet-alapjan\/\" \/>\n<meta property=\"og:site_name\" content=\"GLABs - Rakod\u00e1s Management Megold\u00e1sok\" \/>\n<meta property=\"article:publisher\" content=\"https:\/\/www.facebook.com\/GLABs.software\" \/>\n<meta property=\"article:published_time\" content=\"2024-01-25T15:05:24+00:00\" \/>\n<meta property=\"article:modified_time\" content=\"2025-01-22T13:43:27+00:00\" \/>\n<meta property=\"og:image\" content=\"https:\/\/glabs.me\/wp-content\/uploads\/2024\/01\/allasido-es-allasdij-kormanyrendeles.webp\" \/>\n\t<meta property=\"og:image:width\" content=\"1492\" \/>\n\t<meta property=\"og:image:height\" content=\"746\" \/>\n\t<meta property=\"og:image:type\" content=\"image\/webp\" \/>\n<meta name=\"author\" content=\"Fanni Csiki\" \/>\n<meta name=\"twitter:card\" content=\"summary_large_image\" \/>\n<meta name=\"twitter:label1\" content=\"Szerz\u0151:\" \/>\n\t<meta name=\"twitter:data1\" content=\"Fanni Csiki\" \/>\n\t<meta name=\"twitter:label2\" content=\"Becs\u00fclt olvas\u00e1si id\u0151\" \/>\n\t<meta name=\"twitter:data2\" content=\"4 perc\" \/>\n<script type=\"application\/ld+json\" class=\"yoast-schema-graph\">{\"@context\":\"https:\\\/\\\/schema.org\",\"@graph\":[{\"@type\":\"Article\",\"@id\":\"https:\\\/\\\/glabs.me\\\/hu\\\/allasido-es-allasdij-ertelmezese-az-uj-kasz-20-2016-vi-7-korm-rendelet-alapjan\\\/#article\",\"isPartOf\":{\"@id\":\"https:\\\/\\\/glabs.me\\\/hu\\\/allasido-es-allasdij-ertelmezese-az-uj-kasz-20-2016-vi-7-korm-rendelet-alapjan\\\/\"},\"author\":{\"name\":\"Fanni Csiki\",\"@id\":\"https:\\\/\\\/glabs.me\\\/hu\\\/#\\\/schema\\\/person\\\/a3b785b09d1f3c6af28ea26e660b3c72\"},\"headline\":\"\u00c1ll\u00e1sid\u0151 \u00e9s \u00e1ll\u00e1sd\u00edj \u00e9rtelmez\u00e9se az \u00faj K\u00c1SZ 20\\\/2016. (VI. 7.) Korm. rendelet alapj\u00e1n\",\"datePublished\":\"2024-01-25T15:05:24+00:00\",\"dateModified\":\"2025-01-22T13:43:27+00:00\",\"mainEntityOfPage\":{\"@id\":\"https:\\\/\\\/glabs.me\\\/hu\\\/allasido-es-allasdij-ertelmezese-az-uj-kasz-20-2016-vi-7-korm-rendelet-alapjan\\\/\"},\"wordCount\":1110,\"publisher\":{\"@id\":\"https:\\\/\\\/glabs.me\\\/hu\\\/#organization\"},\"image\":{\"@id\":\"https:\\\/\\\/glabs.me\\\/hu\\\/allasido-es-allasdij-ertelmezese-az-uj-kasz-20-2016-vi-7-korm-rendelet-alapjan\\\/#primaryimage\"},\"thumbnailUrl\":\"https:\\\/\\\/glabs.me\\\/wp-content\\\/uploads\\\/2024\\\/01\\\/allasido-es-allasdij-kormanyrendeles.webp\",\"keywords\":[\"\u00e1ll\u00e1sd\u00edj\",\"\u00e1ll\u00e1sd\u00edjk\u00f6lts\u00e9g\",\"\u00c1ll\u00e1sid\u0151\",\"K\u00c1SZ\",\"korm\u00e1nyrendelet\"],\"articleSection\":[\"H\u00edrek\",\"Logisztika\"],\"inLanguage\":\"hu\"},{\"@type\":\"WebPage\",\"@id\":\"https:\\\/\\\/glabs.me\\\/hu\\\/allasido-es-allasdij-ertelmezese-az-uj-kasz-20-2016-vi-7-korm-rendelet-alapjan\\\/\",\"url\":\"https:\\\/\\\/glabs.me\\\/hu\\\/allasido-es-allasdij-ertelmezese-az-uj-kasz-20-2016-vi-7-korm-rendelet-alapjan\\\/\",\"name\":\"\u00c1ll\u00e1sid\u0151 \u00e9s \u00e1ll\u00e1sd\u00edj \u00e9rtelmez\u00e9se az \u00faj K\u00c1SZ 20\\\/2016. (VI. 7.) Korm. rendelet alapj\u00e1n - GLABs - Rakod\u00e1s Management Megold\u00e1sok\",\"isPartOf\":{\"@id\":\"https:\\\/\\\/glabs.me\\\/hu\\\/#website\"},\"primaryImageOfPage\":{\"@id\":\"https:\\\/\\\/glabs.me\\\/hu\\\/allasido-es-allasdij-ertelmezese-az-uj-kasz-20-2016-vi-7-korm-rendelet-alapjan\\\/#primaryimage\"},\"image\":{\"@id\":\"https:\\\/\\\/glabs.me\\\/hu\\\/allasido-es-allasdij-ertelmezese-az-uj-kasz-20-2016-vi-7-korm-rendelet-alapjan\\\/#primaryimage\"},\"thumbnailUrl\":\"https:\\\/\\\/glabs.me\\\/wp-content\\\/uploads\\\/2024\\\/01\\\/allasido-es-allasdij-kormanyrendeles.webp\",\"datePublished\":\"2024-01-25T15:05:24+00:00\",\"dateModified\":\"2025-01-22T13:43:27+00:00\",\"description\":\"A K\u00c1SZ 120\\\/2016. (VI. 7.) Korm. rendelet m\u00f3dos\u00edt\u00e1s\u00e1nak 4.\u2005\u00a7 -ban rendelkezik az \u00e1ll\u00e1sid\u0151 p\u00f3td\u00edj fizet\u00e9si k\u00f6telezetts\u00e9gr\u0151l\",\"breadcrumb\":{\"@id\":\"https:\\\/\\\/glabs.me\\\/hu\\\/allasido-es-allasdij-ertelmezese-az-uj-kasz-20-2016-vi-7-korm-rendelet-alapjan\\\/#breadcrumb\"},\"inLanguage\":\"hu\",\"potentialAction\":[{\"@type\":\"ReadAction\",\"target\":[\"https:\\\/\\\/glabs.me\\\/hu\\\/allasido-es-allasdij-ertelmezese-az-uj-kasz-20-2016-vi-7-korm-rendelet-alapjan\\\/\"]}]},{\"@type\":\"ImageObject\",\"inLanguage\":\"hu\",\"@id\":\"https:\\\/\\\/glabs.me\\\/hu\\\/allasido-es-allasdij-ertelmezese-az-uj-kasz-20-2016-vi-7-korm-rendelet-alapjan\\\/#primaryimage\",\"url\":\"https:\\\/\\\/glabs.me\\\/wp-content\\\/uploads\\\/2024\\\/01\\\/allasido-es-allasdij-kormanyrendeles.webp\",\"contentUrl\":\"https:\\\/\\\/glabs.me\\\/wp-content\\\/uploads\\\/2024\\\/01\\\/allasido-es-allasdij-kormanyrendeles.webp\",\"width\":1492,\"height\":746,\"caption\":\"Az \u00e1ll\u00e1sid\u0151 \u00e9s \u00e1ll\u00e1sd\u00edj m\u00f3dosul\u00e1s\u00e1nak \u00e9rtelmez\u00e9se\"},{\"@type\":\"BreadcrumbList\",\"@id\":\"https:\\\/\\\/glabs.me\\\/hu\\\/allasido-es-allasdij-ertelmezese-az-uj-kasz-20-2016-vi-7-korm-rendelet-alapjan\\\/#breadcrumb\",\"itemListElement\":[{\"@type\":\"ListItem\",\"position\":1,\"name\":\"Kezd\u0151lap\",\"item\":\"https:\\\/\\\/glabs.me\\\/hu\\\/\"},{\"@type\":\"ListItem\",\"position\":2,\"name\":\"\u00c1ll\u00e1sid\u0151 \u00e9s \u00e1ll\u00e1sd\u00edj \u00e9rtelmez\u00e9se az \u00faj K\u00c1SZ 20\\\/2016. (VI. 7.) Korm. rendelet alapj\u00e1n\"}]},{\"@type\":\"WebSite\",\"@id\":\"https:\\\/\\\/glabs.me\\\/hu\\\/#website\",\"url\":\"https:\\\/\\\/glabs.me\\\/hu\\\/\",\"name\":\"GLABs - Rakod\u00e1s Management Megold\u00e1sok\",\"description\":\"\",\"publisher\":{\"@id\":\"https:\\\/\\\/glabs.me\\\/hu\\\/#organization\"},\"potentialAction\":[{\"@type\":\"SearchAction\",\"target\":{\"@type\":\"EntryPoint\",\"urlTemplate\":\"https:\\\/\\\/glabs.me\\\/hu\\\/?s={search_term_string}\"},\"query-input\":{\"@type\":\"PropertyValueSpecification\",\"valueRequired\":true,\"valueName\":\"search_term_string\"}}],\"inLanguage\":\"hu\"},{\"@type\":\"Organization\",\"@id\":\"https:\\\/\\\/glabs.me\\\/hu\\\/#organization\",\"name\":\"GLABs LSS\",\"alternateName\":\"GLABs\",\"url\":\"https:\\\/\\\/glabs.me\\\/hu\\\/\",\"logo\":{\"@type\":\"ImageObject\",\"inLanguage\":\"hu\",\"@id\":\"https:\\\/\\\/glabs.me\\\/hu\\\/#\\\/schema\\\/logo\\\/image\\\/\",\"url\":\"https:\\\/\\\/dev-glabsme.srv1.clbr.hu\\\/wp-content\\\/uploads\\\/2022\\\/06\\\/GLABs.svg\",\"contentUrl\":\"https:\\\/\\\/dev-glabsme.srv1.clbr.hu\\\/wp-content\\\/uploads\\\/2022\\\/06\\\/GLABs.svg\",\"width\":\"68\",\"height\":\"35\",\"caption\":\"GLABs LSS\"},\"image\":{\"@id\":\"https:\\\/\\\/glabs.me\\\/hu\\\/#\\\/schema\\\/logo\\\/image\\\/\"},\"sameAs\":[\"https:\\\/\\\/www.facebook.com\\\/GLABs.software\",\"https:\\\/\\\/www.youtube.com\\\/@GLABs\",\"https:\\\/\\\/www.linkedin.com\\\/company\\\/glabs\\\/\"]},{\"@type\":\"Person\",\"@id\":\"https:\\\/\\\/glabs.me\\\/hu\\\/#\\\/schema\\\/person\\\/a3b785b09d1f3c6af28ea26e660b3c72\",\"name\":\"Fanni Csiki\",\"sameAs\":[\"https:\\\/\\\/glbas.me\"],\"url\":\"https:\\\/\\\/glabs.me\\\/hu\\\/author\\\/csikif\\\/\"}]}<\/script>\n<!-- \/ Yoast SEO plugin. -->","yoast_head_json":{"title":"\u00c1ll\u00e1sid\u0151 \u00e9s \u00e1ll\u00e1sd\u00edj \u00e9rtelmez\u00e9se az \u00faj K\u00c1SZ 20\/2016. (VI. 7.) Korm. rendelet alapj\u00e1n - GLABs - Rakod\u00e1s Management Megold\u00e1sok","description":"A K\u00c1SZ 120\/2016. (VI. 7.) Korm. rendelet m\u00f3dos\u00edt\u00e1s\u00e1nak 4.\u2005\u00a7 -ban rendelkezik az \u00e1ll\u00e1sid\u0151 p\u00f3td\u00edj fizet\u00e9si k\u00f6telezetts\u00e9gr\u0151l","robots":{"index":"index","follow":"follow","max-snippet":"max-snippet:-1","max-image-preview":"max-image-preview:large","max-video-preview":"max-video-preview:-1"},"canonical":"https:\/\/glabs.me\/hu\/allasido-es-allasdij-ertelmezese-az-uj-kasz-20-2016-vi-7-korm-rendelet-alapjan\/","og_locale":"hu_HU","og_type":"article","og_title":"\u00c1ll\u00e1sid\u0151 \u00e9s \u00e1ll\u00e1sd\u00edj \u00e9rtelmez\u00e9se az \u00faj K\u00c1SZ 20\/2016. (VI. 7.) Korm. rendelet alapj\u00e1n - GLABs - Rakod\u00e1s Management Megold\u00e1sok","og_description":"A K\u00c1SZ 120\/2016. (VI. 7.) Korm. rendelet m\u00f3dos\u00edt\u00e1s\u00e1nak 4.\u2005\u00a7 -ban rendelkezik az \u00e1ll\u00e1sid\u0151 p\u00f3td\u00edj fizet\u00e9si k\u00f6telezetts\u00e9gr\u0151l","og_url":"https:\/\/glabs.me\/hu\/allasido-es-allasdij-ertelmezese-az-uj-kasz-20-2016-vi-7-korm-rendelet-alapjan\/","og_site_name":"GLABs - Rakod\u00e1s Management Megold\u00e1sok","article_publisher":"https:\/\/www.facebook.com\/GLABs.software","article_published_time":"2024-01-25T15:05:24+00:00","article_modified_time":"2025-01-22T13:43:27+00:00","og_image":[{"width":1492,"height":746,"url":"https:\/\/glabs.me\/wp-content\/uploads\/2024\/01\/allasido-es-allasdij-kormanyrendeles.webp","type":"image\/webp"}],"author":"Fanni Csiki","twitter_card":"summary_large_image","twitter_misc":{"Szerz\u0151:":"Fanni Csiki","Becs\u00fclt olvas\u00e1si id\u0151":"4 perc"},"schema":{"@context":"https:\/\/schema.org","@graph":[{"@type":"Article","@id":"https:\/\/glabs.me\/hu\/allasido-es-allasdij-ertelmezese-az-uj-kasz-20-2016-vi-7-korm-rendelet-alapjan\/#article","isPartOf":{"@id":"https:\/\/glabs.me\/hu\/allasido-es-allasdij-ertelmezese-az-uj-kasz-20-2016-vi-7-korm-rendelet-alapjan\/"},"author":{"name":"Fanni Csiki","@id":"https:\/\/glabs.me\/hu\/#\/schema\/person\/a3b785b09d1f3c6af28ea26e660b3c72"},"headline":"\u00c1ll\u00e1sid\u0151 \u00e9s \u00e1ll\u00e1sd\u00edj \u00e9rtelmez\u00e9se az \u00faj K\u00c1SZ 20\/2016. (VI. 7.) Korm. rendelet alapj\u00e1n","datePublished":"2024-01-25T15:05:24+00:00","dateModified":"2025-01-22T13:43:27+00:00","mainEntityOfPage":{"@id":"https:\/\/glabs.me\/hu\/allasido-es-allasdij-ertelmezese-az-uj-kasz-20-2016-vi-7-korm-rendelet-alapjan\/"},"wordCount":1110,"publisher":{"@id":"https:\/\/glabs.me\/hu\/#organization"},"image":{"@id":"https:\/\/glabs.me\/hu\/allasido-es-allasdij-ertelmezese-az-uj-kasz-20-2016-vi-7-korm-rendelet-alapjan\/#primaryimage"},"thumbnailUrl":"https:\/\/glabs.me\/wp-content\/uploads\/2024\/01\/allasido-es-allasdij-kormanyrendeles.webp","keywords":["\u00e1ll\u00e1sd\u00edj","\u00e1ll\u00e1sd\u00edjk\u00f6lts\u00e9g","\u00c1ll\u00e1sid\u0151","K\u00c1SZ","korm\u00e1nyrendelet"],"articleSection":["H\u00edrek","Logisztika"],"inLanguage":"hu"},{"@type":"WebPage","@id":"https:\/\/glabs.me\/hu\/allasido-es-allasdij-ertelmezese-az-uj-kasz-20-2016-vi-7-korm-rendelet-alapjan\/","url":"https:\/\/glabs.me\/hu\/allasido-es-allasdij-ertelmezese-az-uj-kasz-20-2016-vi-7-korm-rendelet-alapjan\/","name":"\u00c1ll\u00e1sid\u0151 \u00e9s \u00e1ll\u00e1sd\u00edj \u00e9rtelmez\u00e9se az \u00faj K\u00c1SZ 20\/2016. (VI. 7.) Korm. rendelet alapj\u00e1n - GLABs - Rakod\u00e1s Management Megold\u00e1sok","isPartOf":{"@id":"https:\/\/glabs.me\/hu\/#website"},"primaryImageOfPage":{"@id":"https:\/\/glabs.me\/hu\/allasido-es-allasdij-ertelmezese-az-uj-kasz-20-2016-vi-7-korm-rendelet-alapjan\/#primaryimage"},"image":{"@id":"https:\/\/glabs.me\/hu\/allasido-es-allasdij-ertelmezese-az-uj-kasz-20-2016-vi-7-korm-rendelet-alapjan\/#primaryimage"},"thumbnailUrl":"https:\/\/glabs.me\/wp-content\/uploads\/2024\/01\/allasido-es-allasdij-kormanyrendeles.webp","datePublished":"2024-01-25T15:05:24+00:00","dateModified":"2025-01-22T13:43:27+00:00","description":"A K\u00c1SZ 120\/2016. (VI. 7.) Korm. rendelet m\u00f3dos\u00edt\u00e1s\u00e1nak 4.\u2005\u00a7 -ban rendelkezik az \u00e1ll\u00e1sid\u0151 p\u00f3td\u00edj fizet\u00e9si k\u00f6telezetts\u00e9gr\u0151l","breadcrumb":{"@id":"https:\/\/glabs.me\/hu\/allasido-es-allasdij-ertelmezese-az-uj-kasz-20-2016-vi-7-korm-rendelet-alapjan\/#breadcrumb"},"inLanguage":"hu","potentialAction":[{"@type":"ReadAction","target":["https:\/\/glabs.me\/hu\/allasido-es-allasdij-ertelmezese-az-uj-kasz-20-2016-vi-7-korm-rendelet-alapjan\/"]}]},{"@type":"ImageObject","inLanguage":"hu","@id":"https:\/\/glabs.me\/hu\/allasido-es-allasdij-ertelmezese-az-uj-kasz-20-2016-vi-7-korm-rendelet-alapjan\/#primaryimage","url":"https:\/\/glabs.me\/wp-content\/uploads\/2024\/01\/allasido-es-allasdij-kormanyrendeles.webp","contentUrl":"https:\/\/glabs.me\/wp-content\/uploads\/2024\/01\/allasido-es-allasdij-kormanyrendeles.webp","width":1492,"height":746,"caption":"Az \u00e1ll\u00e1sid\u0151 \u00e9s \u00e1ll\u00e1sd\u00edj m\u00f3dosul\u00e1s\u00e1nak \u00e9rtelmez\u00e9se"},{"@type":"BreadcrumbList","@id":"https:\/\/glabs.me\/hu\/allasido-es-allasdij-ertelmezese-az-uj-kasz-20-2016-vi-7-korm-rendelet-alapjan\/#breadcrumb","itemListElement":[{"@type":"ListItem","position":1,"name":"Kezd\u0151lap","item":"https:\/\/glabs.me\/hu\/"},{"@type":"ListItem","position":2,"name":"\u00c1ll\u00e1sid\u0151 \u00e9s \u00e1ll\u00e1sd\u00edj \u00e9rtelmez\u00e9se az \u00faj K\u00c1SZ 20\/2016. (VI. 7.) Korm. rendelet alapj\u00e1n"}]},{"@type":"WebSite","@id":"https:\/\/glabs.me\/hu\/#website","url":"https:\/\/glabs.me\/hu\/","name":"GLABs - Rakod\u00e1s Management Megold\u00e1sok","description":"","publisher":{"@id":"https:\/\/glabs.me\/hu\/#organization"},"potentialAction":[{"@type":"SearchAction","target":{"@type":"EntryPoint","urlTemplate":"https:\/\/glabs.me\/hu\/?s={search_term_string}"},"query-input":{"@type":"PropertyValueSpecification","valueRequired":true,"valueName":"search_term_string"}}],"inLanguage":"hu"},{"@type":"Organization","@id":"https:\/\/glabs.me\/hu\/#organization","name":"GLABs LSS","alternateName":"GLABs","url":"https:\/\/glabs.me\/hu\/","logo":{"@type":"ImageObject","inLanguage":"hu","@id":"https:\/\/glabs.me\/hu\/#\/schema\/logo\/image\/","url":"https:\/\/dev-glabsme.srv1.clbr.hu\/wp-content\/uploads\/2022\/06\/GLABs.svg","contentUrl":"https:\/\/dev-glabsme.srv1.clbr.hu\/wp-content\/uploads\/2022\/06\/GLABs.svg","width":"68","height":"35","caption":"GLABs LSS"},"image":{"@id":"https:\/\/glabs.me\/hu\/#\/schema\/logo\/image\/"},"sameAs":["https:\/\/www.facebook.com\/GLABs.software","https:\/\/www.youtube.com\/@GLABs","https:\/\/www.linkedin.com\/company\/glabs\/"]},{"@type":"Person","@id":"https:\/\/glabs.me\/hu\/#\/schema\/person\/a3b785b09d1f3c6af28ea26e660b3c72","name":"Fanni Csiki","sameAs":["https:\/\/glbas.me"],"url":"https:\/\/glabs.me\/hu\/author\/csikif\/"}]}},"_links":{"self":[{"href":"https:\/\/glabs.me\/hu\/wp-json\/wp\/v2\/posts\/6444","targetHints":{"allow":["GET"]}}],"collection":[{"href":"https:\/\/glabs.me\/hu\/wp-json\/wp\/v2\/posts"}],"about":[{"href":"https:\/\/glabs.me\/hu\/wp-json\/wp\/v2\/types\/post"}],"author":[{"embeddable":true,"href":"https:\/\/glabs.me\/hu\/wp-json\/wp\/v2\/users\/3"}],"replies":[{"embeddable":true,"href":"https:\/\/glabs.me\/hu\/wp-json\/wp\/v2\/comments?post=6444"}],"version-history":[{"count":5,"href":"https:\/\/glabs.me\/hu\/wp-json\/wp\/v2\/posts\/6444\/revisions"}],"predecessor-version":[{"id":7475,"href":"https:\/\/glabs.me\/hu\/wp-json\/wp\/v2\/posts\/6444\/revisions\/7475"}],"wp:featuredmedia":[{"embeddable":true,"href":"https:\/\/glabs.me\/hu\/wp-json\/wp\/v2\/media\/6445"}],"wp:attachment":[{"href":"https:\/\/glabs.me\/hu\/wp-json\/wp\/v2\/media?parent=6444"}],"wp:term":[{"taxonomy":"category","embeddable":true,"href":"https:\/\/glabs.me\/hu\/wp-json\/wp\/v2\/categories?post=6444"},{"taxonomy":"post_tag","embeddable":true,"href":"https:\/\/glabs.me\/hu\/wp-json\/wp\/v2\/tags?post=6444"}],"curies":[{"name":"wp","href":"https:\/\/api.w.org\/{rel}","templated":true}]}}