{"id":587,"date":"2016-04-20T14:58:56","date_gmt":"2016-04-20T12:58:56","guid":{"rendered":"https:\/\/ujdomain.hu\/?p=587"},"modified":"2023-04-11T15:04:44","modified_gmt":"2023-04-11T13:04:44","slug":"kovesse-nyomon-bejovo-es-kimeno-szallitasait","status":"publish","type":"post","link":"https:\/\/glabs.me\/hu\/kovesse-nyomon-bejovo-es-kimeno-szallitasait\/","title":{"rendered":"K\u00f6vesse nyomon bej\u00f6v\u0151 \u00e9s kimen\u0151 sz\u00e1ll\u00edt\u00e1sait"},"content":{"rendered":"<div class=\"wpb-content-wrapper\"><p>[vc_row][vc_column][vc_column_text]<strong>Szoftver\u00fcnk seg\u00edts\u00e9g\u00e9vel pontos k\u00e9pet kaphat, hogy a k\u00f6vetkez\u0151 \u00f3r\u00e1ban h\u00e1ny kamion \u00e9rkez\u00e9se v\u00e1rhat\u00f3 \u00e9s melyik partnerekt\u0151l, \u00e9pp h\u00e1ny sz\u00e1ll\u00edtm\u00e1ny v\u00e1rakozik lerak\u00e1sra \u00e9s pontosan mikor \u00e9rkeztek, mennyi rakod\u00e1s folyik \u00e9pp telephely\u00e9n \u00e9s pontosan mi\u00f3ta tart, melyek azok a sz\u00e1ll\u00edtm\u00e1nyok amelyek m\u00e1r elhagyt\u00e1k telephely\u00e9t \u00e9s pontosan mikor l\u00e9ptek ki.<\/strong><\/p>\n<p>Szeretn\u00e9 tudni, hogy a k\u00f6vetkez\u0151 \u00f3r\u00e1ban v\u00e1rhat\u00f3an mennyi kamion \u00e9rkezik? Vagy azt szeretn\u00e9 l\u00e1tni, hogy \u00e9pp kik rakodnak a telephely\u00e9n \u00e9s kik v\u00e1rakoznak rakod\u00e1sra? Esetleg szeretn\u00e9 l\u00e1tni a rakt\u00e1ri szabad kapacit\u00e1sokat? Id\u0151pontfoglal\u00f3 rendszer\u00fcnk <strong>v\u00e9gigk\u00f6veti<\/strong> \u00e9s <strong>napl\u00f3zza a foglal\u00e1sok \u00e1llapot\u00e1t<\/strong>, \u00edgy <strong>\u00d6n<\/strong> b\u00e1rmikor, percre pontosan <strong>lek\u00e9rdezheti az aktu\u00e1lis<\/strong>, <strong>vagy<\/strong> ak\u00e1r a <strong>j\u00f6v\u0151beli<\/strong> tervezett <strong>esem\u00e9nyeket<\/strong> is.<\/p>\n<p>Abban az esetben is <strong>minden inform\u00e1ci\u00f3 el\u00e9rhet\u0151<\/strong> rendszer\u00fcnkb\u0151l, <strong>ha<\/strong> egy <strong>m\u00faltbeli sz\u00e1ll\u00edtm\u00e1ny adataira k\u00edv\u00e1ncsi,<\/strong> p\u00e9ld\u00e1ul mikor \u00e9rkezett meg a j\u00e1rm\u0171, mikor kezdte meg a rakod\u00e1st, pontosan ki \u00e9s mennyi ideig rakodta, majd ezut\u00e1n mikor l\u00e9pett ki a telephelyr\u0151l.<\/p>\n<p>A sz\u00e1ll\u00edt\u00e1sok st\u00e1tuszv\u00e1ltoz\u00e1sai mellett szoftver\u00fcnk <strong>az id\u0151pont<\/strong> <strong>foglal\u00f3j\u00e1t<\/strong> valamint m\u00f3dos\u00edt\u00e1s eset\u00e9n <strong>a<\/strong> <strong>m\u00f3dos\u00edt\u00f3<\/strong> <strong>felhaszn\u00e1l\u00f3t is r\u00f6gz\u00edti,<\/strong> \u00edgy egyeztet\u00e9si vagy pontos\u00edt\u00e1si ig\u00e9ny eset\u00e9n azonnal megtekinthet\u0151 a<strong> c\u00e9g \u00e9s a munkat\u00e1rs neve e-mailes \u00e9s telefonos el\u00e9rhet\u0151s\u00e9geivel egy\u00fctt.<\/strong><\/p>\n<p><strong>A t\u00e1rolt adatokat<\/strong> riport szinten sz\u0171rve is el\u00e9rheti rendszer\u00fcnkb\u0151l \u00e9s <strong>excel f\u00e1jlba export\u00e1lhatja<\/strong> azokat, hogy tov\u00e1bbi kimutat\u00e1sokat, list\u00e1kat k\u00e9sz\u00edthessen bel\u0151le.[\/vc_column_text][\/vc_column][\/vc_row]<\/p>\n<\/div>","protected":false},"excerpt":{"rendered":"<p>[vc_row][vc_column][vc_column_text]Szoftver\u00fcnk seg\u00edts\u00e9g\u00e9vel pontos k\u00e9pet kaphat, hogy a k\u00f6vetkez\u0151 \u00f3r\u00e1ban h\u00e1ny kamion \u00e9rkez\u00e9se v\u00e1rhat\u00f3 \u00e9s melyik partnerekt\u0151l, \u00e9pp h\u00e1ny sz\u00e1ll\u00edtm\u00e1ny v\u00e1rakozik lerak\u00e1sra \u00e9s pontosan mikor \u00e9rkeztek, mennyi rakod\u00e1s folyik \u00e9pp telephely\u00e9n \u00e9s pontosan mi\u00f3ta tart, melyek azok a sz\u00e1ll\u00edtm\u00e1nyok amelyek m\u00e1r elhagyt\u00e1k telephely\u00e9t \u00e9s pontosan mikor l\u00e9ptek ki. Szeretn\u00e9 tudni, hogy a k\u00f6vetkez\u0151 \u00f3r\u00e1ban v\u00e1rhat\u00f3an mennyi&hellip;<\/p>\n","protected":false},"author":3,"featured_media":588,"comment_status":"closed","ping_status":"closed","sticky":false,"template":"","format":"standard","meta":{"footnotes":""},"categories":[6],"tags":[55,56,57,24,58],"class_list":["post-587","post","type-post","status-publish","format-standard","has-post-thumbnail","hentry","category-hirek","tag-bejovo-szallitasok","tag-idopontfoglalas","tag-kimeno-szallitasok","tag-online-idokapu","tag-rakodas-meres","category-6","description-off"],"yoast_head":"<!-- This site is optimized with the Yoast SEO plugin v27.7 - https:\/\/yoast.com\/product\/yoast-seo-wordpress\/ -->\n<title>K\u00f6vesse nyomon bej\u00f6v\u0151 \u00e9s kimen\u0151 sz\u00e1ll\u00edt\u00e1sait - GLABs - Rakod\u00e1s Management Megold\u00e1sok<\/title>\n<meta name=\"robots\" content=\"index, follow, max-snippet:-1, max-image-preview:large, max-video-preview:-1\" \/>\n<link rel=\"canonical\" href=\"https:\/\/glabs.me\/hu\/kovesse-nyomon-bejovo-es-kimeno-szallitasait\/\" \/>\n<meta property=\"og:locale\" content=\"hu_HU\" \/>\n<meta property=\"og:type\" content=\"article\" \/>\n<meta property=\"og:title\" content=\"K\u00f6vesse nyomon bej\u00f6v\u0151 \u00e9s kimen\u0151 sz\u00e1ll\u00edt\u00e1sait - GLABs - Rakod\u00e1s Management Megold\u00e1sok\" \/>\n<meta property=\"og:description\" content=\"[vc_row][vc_column][vc_column_text]Szoftver\u00fcnk seg\u00edts\u00e9g\u00e9vel pontos k\u00e9pet kaphat, hogy a k\u00f6vetkez\u0151 \u00f3r\u00e1ban h\u00e1ny kamion \u00e9rkez\u00e9se v\u00e1rhat\u00f3 \u00e9s melyik partnerekt\u0151l, \u00e9pp h\u00e1ny sz\u00e1ll\u00edtm\u00e1ny v\u00e1rakozik lerak\u00e1sra \u00e9s pontosan mikor \u00e9rkeztek, mennyi rakod\u00e1s folyik \u00e9pp telephely\u00e9n \u00e9s pontosan mi\u00f3ta tart, melyek azok a sz\u00e1ll\u00edtm\u00e1nyok amelyek m\u00e1r elhagyt\u00e1k telephely\u00e9t \u00e9s pontosan mikor l\u00e9ptek ki. Szeretn\u00e9 tudni, hogy a k\u00f6vetkez\u0151 \u00f3r\u00e1ban v\u00e1rhat\u00f3an mennyi&hellip;\" \/>\n<meta property=\"og:url\" content=\"https:\/\/glabs.me\/hu\/kovesse-nyomon-bejovo-es-kimeno-szallitasait\/\" \/>\n<meta property=\"og:site_name\" content=\"GLABs - Rakod\u00e1s Management Megold\u00e1sok\" \/>\n<meta property=\"article:publisher\" content=\"https:\/\/www.facebook.com\/GLABs.software\" \/>\n<meta property=\"article:published_time\" content=\"2016-04-20T12:58:56+00:00\" \/>\n<meta property=\"article:modified_time\" content=\"2023-04-11T13:04:44+00:00\" \/>\n<meta property=\"og:image\" content=\"https:\/\/glabs.me\/wp-content\/uploads\/2022\/06\/kovesse-nyomon-bejovo-es-kimeno-szallitasait.webp\" \/>\n\t<meta property=\"og:image:width\" content=\"1024\" \/>\n\t<meta property=\"og:image:height\" content=\"682\" \/>\n\t<meta property=\"og:image:type\" content=\"image\/webp\" \/>\n<meta name=\"author\" content=\"Fanni Csiki\" \/>\n<meta name=\"twitter:card\" content=\"summary_large_image\" \/>\n<meta name=\"twitter:label1\" content=\"Szerz\u0151:\" \/>\n\t<meta name=\"twitter:data1\" content=\"Fanni Csiki\" \/>\n\t<meta name=\"twitter:label2\" content=\"Becs\u00fclt olvas\u00e1si id\u0151\" \/>\n\t<meta name=\"twitter:data2\" content=\"2 perc\" \/>\n<script type=\"application\/ld+json\" class=\"yoast-schema-graph\">{\"@context\":\"https:\\\/\\\/schema.org\",\"@graph\":[{\"@type\":\"Article\",\"@id\":\"https:\\\/\\\/glabs.me\\\/hu\\\/kovesse-nyomon-bejovo-es-kimeno-szallitasait\\\/#article\",\"isPartOf\":{\"@id\":\"https:\\\/\\\/glabs.me\\\/hu\\\/kovesse-nyomon-bejovo-es-kimeno-szallitasait\\\/\"},\"author\":{\"name\":\"Fanni Csiki\",\"@id\":\"https:\\\/\\\/glabs.me\\\/hu\\\/#\\\/schema\\\/person\\\/a3b785b09d1f3c6af28ea26e660b3c72\"},\"headline\":\"K\u00f6vesse nyomon bej\u00f6v\u0151 \u00e9s kimen\u0151 sz\u00e1ll\u00edt\u00e1sait\",\"datePublished\":\"2016-04-20T12:58:56+00:00\",\"dateModified\":\"2023-04-11T13:04:44+00:00\",\"mainEntityOfPage\":{\"@id\":\"https:\\\/\\\/glabs.me\\\/hu\\\/kovesse-nyomon-bejovo-es-kimeno-szallitasait\\\/\"},\"wordCount\":332,\"publisher\":{\"@id\":\"https:\\\/\\\/glabs.me\\\/hu\\\/#organization\"},\"image\":{\"@id\":\"https:\\\/\\\/glabs.me\\\/hu\\\/kovesse-nyomon-bejovo-es-kimeno-szallitasait\\\/#primaryimage\"},\"thumbnailUrl\":\"https:\\\/\\\/glabs.me\\\/wp-content\\\/uploads\\\/2022\\\/06\\\/kovesse-nyomon-bejovo-es-kimeno-szallitasait.webp\",\"keywords\":[\"Bej\u00f6v\u0151 Sz\u00e1ll\u00edt\u00e1sok\",\"Id\u0151pontfoglal\u00e1s\",\"Kimen\u0151 Sz\u00e1ll\u00edt\u00e1sok\",\"online id\u0151kapu\",\"Rakod\u00e1s M\u00e9r\u00e9s\"],\"articleSection\":[\"H\u00edrek\"],\"inLanguage\":\"hu\"},{\"@type\":\"WebPage\",\"@id\":\"https:\\\/\\\/glabs.me\\\/hu\\\/kovesse-nyomon-bejovo-es-kimeno-szallitasait\\\/\",\"url\":\"https:\\\/\\\/glabs.me\\\/hu\\\/kovesse-nyomon-bejovo-es-kimeno-szallitasait\\\/\",\"name\":\"K\u00f6vesse nyomon bej\u00f6v\u0151 \u00e9s kimen\u0151 sz\u00e1ll\u00edt\u00e1sait - GLABs - Rakod\u00e1s Management Megold\u00e1sok\",\"isPartOf\":{\"@id\":\"https:\\\/\\\/glabs.me\\\/hu\\\/#website\"},\"primaryImageOfPage\":{\"@id\":\"https:\\\/\\\/glabs.me\\\/hu\\\/kovesse-nyomon-bejovo-es-kimeno-szallitasait\\\/#primaryimage\"},\"image\":{\"@id\":\"https:\\\/\\\/glabs.me\\\/hu\\\/kovesse-nyomon-bejovo-es-kimeno-szallitasait\\\/#primaryimage\"},\"thumbnailUrl\":\"https:\\\/\\\/glabs.me\\\/wp-content\\\/uploads\\\/2022\\\/06\\\/kovesse-nyomon-bejovo-es-kimeno-szallitasait.webp\",\"datePublished\":\"2016-04-20T12:58:56+00:00\",\"dateModified\":\"2023-04-11T13:04:44+00:00\",\"breadcrumb\":{\"@id\":\"https:\\\/\\\/glabs.me\\\/hu\\\/kovesse-nyomon-bejovo-es-kimeno-szallitasait\\\/#breadcrumb\"},\"inLanguage\":\"hu\",\"potentialAction\":[{\"@type\":\"ReadAction\",\"target\":[\"https:\\\/\\\/glabs.me\\\/hu\\\/kovesse-nyomon-bejovo-es-kimeno-szallitasait\\\/\"]}]},{\"@type\":\"ImageObject\",\"inLanguage\":\"hu\",\"@id\":\"https:\\\/\\\/glabs.me\\\/hu\\\/kovesse-nyomon-bejovo-es-kimeno-szallitasait\\\/#primaryimage\",\"url\":\"https:\\\/\\\/glabs.me\\\/wp-content\\\/uploads\\\/2022\\\/06\\\/kovesse-nyomon-bejovo-es-kimeno-szallitasait.webp\",\"contentUrl\":\"https:\\\/\\\/glabs.me\\\/wp-content\\\/uploads\\\/2022\\\/06\\\/kovesse-nyomon-bejovo-es-kimeno-szallitasait.webp\",\"width\":1024,\"height\":682},{\"@type\":\"BreadcrumbList\",\"@id\":\"https:\\\/\\\/glabs.me\\\/hu\\\/kovesse-nyomon-bejovo-es-kimeno-szallitasait\\\/#breadcrumb\",\"itemListElement\":[{\"@type\":\"ListItem\",\"position\":1,\"name\":\"Kezd\u0151lap\",\"item\":\"https:\\\/\\\/glabs.me\\\/hu\\\/\"},{\"@type\":\"ListItem\",\"position\":2,\"name\":\"K\u00f6vesse nyomon bej\u00f6v\u0151 \u00e9s kimen\u0151 sz\u00e1ll\u00edt\u00e1sait\"}]},{\"@type\":\"WebSite\",\"@id\":\"https:\\\/\\\/glabs.me\\\/hu\\\/#website\",\"url\":\"https:\\\/\\\/glabs.me\\\/hu\\\/\",\"name\":\"GLABs - Rakod\u00e1s Management Megold\u00e1sok\",\"description\":\"\",\"publisher\":{\"@id\":\"https:\\\/\\\/glabs.me\\\/hu\\\/#organization\"},\"potentialAction\":[{\"@type\":\"SearchAction\",\"target\":{\"@type\":\"EntryPoint\",\"urlTemplate\":\"https:\\\/\\\/glabs.me\\\/hu\\\/?s={search_term_string}\"},\"query-input\":{\"@type\":\"PropertyValueSpecification\",\"valueRequired\":true,\"valueName\":\"search_term_string\"}}],\"inLanguage\":\"hu\"},{\"@type\":\"Organization\",\"@id\":\"https:\\\/\\\/glabs.me\\\/hu\\\/#organization\",\"name\":\"GLABs LSS\",\"alternateName\":\"GLABs\",\"url\":\"https:\\\/\\\/glabs.me\\\/hu\\\/\",\"logo\":{\"@type\":\"ImageObject\",\"inLanguage\":\"hu\",\"@id\":\"https:\\\/\\\/glabs.me\\\/hu\\\/#\\\/schema\\\/logo\\\/image\\\/\",\"url\":\"https:\\\/\\\/dev-glabsme.srv1.clbr.hu\\\/wp-content\\\/uploads\\\/2022\\\/06\\\/GLABs.svg\",\"contentUrl\":\"https:\\\/\\\/dev-glabsme.srv1.clbr.hu\\\/wp-content\\\/uploads\\\/2022\\\/06\\\/GLABs.svg\",\"width\":\"68\",\"height\":\"35\",\"caption\":\"GLABs LSS\"},\"image\":{\"@id\":\"https:\\\/\\\/glabs.me\\\/hu\\\/#\\\/schema\\\/logo\\\/image\\\/\"},\"sameAs\":[\"https:\\\/\\\/www.facebook.com\\\/GLABs.software\",\"https:\\\/\\\/www.youtube.com\\\/@GLABs\",\"https:\\\/\\\/www.linkedin.com\\\/company\\\/glabs\\\/\"]},{\"@type\":\"Person\",\"@id\":\"https:\\\/\\\/glabs.me\\\/hu\\\/#\\\/schema\\\/person\\\/a3b785b09d1f3c6af28ea26e660b3c72\",\"name\":\"Fanni Csiki\",\"sameAs\":[\"https:\\\/\\\/glbas.me\"],\"url\":\"https:\\\/\\\/glabs.me\\\/hu\\\/author\\\/csikif\\\/\"}]}<\/script>\n<!-- \/ Yoast SEO plugin. -->","yoast_head_json":{"title":"K\u00f6vesse nyomon bej\u00f6v\u0151 \u00e9s kimen\u0151 sz\u00e1ll\u00edt\u00e1sait - GLABs - Rakod\u00e1s Management Megold\u00e1sok","robots":{"index":"index","follow":"follow","max-snippet":"max-snippet:-1","max-image-preview":"max-image-preview:large","max-video-preview":"max-video-preview:-1"},"canonical":"https:\/\/glabs.me\/hu\/kovesse-nyomon-bejovo-es-kimeno-szallitasait\/","og_locale":"hu_HU","og_type":"article","og_title":"K\u00f6vesse nyomon bej\u00f6v\u0151 \u00e9s kimen\u0151 sz\u00e1ll\u00edt\u00e1sait - GLABs - Rakod\u00e1s Management Megold\u00e1sok","og_description":"[vc_row][vc_column][vc_column_text]Szoftver\u00fcnk seg\u00edts\u00e9g\u00e9vel pontos k\u00e9pet kaphat, hogy a k\u00f6vetkez\u0151 \u00f3r\u00e1ban h\u00e1ny kamion \u00e9rkez\u00e9se v\u00e1rhat\u00f3 \u00e9s melyik partnerekt\u0151l, \u00e9pp h\u00e1ny sz\u00e1ll\u00edtm\u00e1ny v\u00e1rakozik lerak\u00e1sra \u00e9s pontosan mikor \u00e9rkeztek, mennyi rakod\u00e1s folyik \u00e9pp telephely\u00e9n \u00e9s pontosan mi\u00f3ta tart, melyek azok a sz\u00e1ll\u00edtm\u00e1nyok amelyek m\u00e1r elhagyt\u00e1k telephely\u00e9t \u00e9s pontosan mikor l\u00e9ptek ki. Szeretn\u00e9 tudni, hogy a k\u00f6vetkez\u0151 \u00f3r\u00e1ban v\u00e1rhat\u00f3an mennyi&hellip;","og_url":"https:\/\/glabs.me\/hu\/kovesse-nyomon-bejovo-es-kimeno-szallitasait\/","og_site_name":"GLABs - Rakod\u00e1s Management Megold\u00e1sok","article_publisher":"https:\/\/www.facebook.com\/GLABs.software","article_published_time":"2016-04-20T12:58:56+00:00","article_modified_time":"2023-04-11T13:04:44+00:00","og_image":[{"width":1024,"height":682,"url":"https:\/\/glabs.me\/wp-content\/uploads\/2022\/06\/kovesse-nyomon-bejovo-es-kimeno-szallitasait.webp","type":"image\/webp"}],"author":"Fanni Csiki","twitter_card":"summary_large_image","twitter_misc":{"Szerz\u0151:":"Fanni Csiki","Becs\u00fclt olvas\u00e1si id\u0151":"2 perc"},"schema":{"@context":"https:\/\/schema.org","@graph":[{"@type":"Article","@id":"https:\/\/glabs.me\/hu\/kovesse-nyomon-bejovo-es-kimeno-szallitasait\/#article","isPartOf":{"@id":"https:\/\/glabs.me\/hu\/kovesse-nyomon-bejovo-es-kimeno-szallitasait\/"},"author":{"name":"Fanni Csiki","@id":"https:\/\/glabs.me\/hu\/#\/schema\/person\/a3b785b09d1f3c6af28ea26e660b3c72"},"headline":"K\u00f6vesse nyomon bej\u00f6v\u0151 \u00e9s kimen\u0151 sz\u00e1ll\u00edt\u00e1sait","datePublished":"2016-04-20T12:58:56+00:00","dateModified":"2023-04-11T13:04:44+00:00","mainEntityOfPage":{"@id":"https:\/\/glabs.me\/hu\/kovesse-nyomon-bejovo-es-kimeno-szallitasait\/"},"wordCount":332,"publisher":{"@id":"https:\/\/glabs.me\/hu\/#organization"},"image":{"@id":"https:\/\/glabs.me\/hu\/kovesse-nyomon-bejovo-es-kimeno-szallitasait\/#primaryimage"},"thumbnailUrl":"https:\/\/glabs.me\/wp-content\/uploads\/2022\/06\/kovesse-nyomon-bejovo-es-kimeno-szallitasait.webp","keywords":["Bej\u00f6v\u0151 Sz\u00e1ll\u00edt\u00e1sok","Id\u0151pontfoglal\u00e1s","Kimen\u0151 Sz\u00e1ll\u00edt\u00e1sok","online id\u0151kapu","Rakod\u00e1s M\u00e9r\u00e9s"],"articleSection":["H\u00edrek"],"inLanguage":"hu"},{"@type":"WebPage","@id":"https:\/\/glabs.me\/hu\/kovesse-nyomon-bejovo-es-kimeno-szallitasait\/","url":"https:\/\/glabs.me\/hu\/kovesse-nyomon-bejovo-es-kimeno-szallitasait\/","name":"K\u00f6vesse nyomon bej\u00f6v\u0151 \u00e9s kimen\u0151 sz\u00e1ll\u00edt\u00e1sait - GLABs - Rakod\u00e1s Management Megold\u00e1sok","isPartOf":{"@id":"https:\/\/glabs.me\/hu\/#website"},"primaryImageOfPage":{"@id":"https:\/\/glabs.me\/hu\/kovesse-nyomon-bejovo-es-kimeno-szallitasait\/#primaryimage"},"image":{"@id":"https:\/\/glabs.me\/hu\/kovesse-nyomon-bejovo-es-kimeno-szallitasait\/#primaryimage"},"thumbnailUrl":"https:\/\/glabs.me\/wp-content\/uploads\/2022\/06\/kovesse-nyomon-bejovo-es-kimeno-szallitasait.webp","datePublished":"2016-04-20T12:58:56+00:00","dateModified":"2023-04-11T13:04:44+00:00","breadcrumb":{"@id":"https:\/\/glabs.me\/hu\/kovesse-nyomon-bejovo-es-kimeno-szallitasait\/#breadcrumb"},"inLanguage":"hu","potentialAction":[{"@type":"ReadAction","target":["https:\/\/glabs.me\/hu\/kovesse-nyomon-bejovo-es-kimeno-szallitasait\/"]}]},{"@type":"ImageObject","inLanguage":"hu","@id":"https:\/\/glabs.me\/hu\/kovesse-nyomon-bejovo-es-kimeno-szallitasait\/#primaryimage","url":"https:\/\/glabs.me\/wp-content\/uploads\/2022\/06\/kovesse-nyomon-bejovo-es-kimeno-szallitasait.webp","contentUrl":"https:\/\/glabs.me\/wp-content\/uploads\/2022\/06\/kovesse-nyomon-bejovo-es-kimeno-szallitasait.webp","width":1024,"height":682},{"@type":"BreadcrumbList","@id":"https:\/\/glabs.me\/hu\/kovesse-nyomon-bejovo-es-kimeno-szallitasait\/#breadcrumb","itemListElement":[{"@type":"ListItem","position":1,"name":"Kezd\u0151lap","item":"https:\/\/glabs.me\/hu\/"},{"@type":"ListItem","position":2,"name":"K\u00f6vesse nyomon bej\u00f6v\u0151 \u00e9s kimen\u0151 sz\u00e1ll\u00edt\u00e1sait"}]},{"@type":"WebSite","@id":"https:\/\/glabs.me\/hu\/#website","url":"https:\/\/glabs.me\/hu\/","name":"GLABs - Rakod\u00e1s Management Megold\u00e1sok","description":"","publisher":{"@id":"https:\/\/glabs.me\/hu\/#organization"},"potentialAction":[{"@type":"SearchAction","target":{"@type":"EntryPoint","urlTemplate":"https:\/\/glabs.me\/hu\/?s={search_term_string}"},"query-input":{"@type":"PropertyValueSpecification","valueRequired":true,"valueName":"search_term_string"}}],"inLanguage":"hu"},{"@type":"Organization","@id":"https:\/\/glabs.me\/hu\/#organization","name":"GLABs LSS","alternateName":"GLABs","url":"https:\/\/glabs.me\/hu\/","logo":{"@type":"ImageObject","inLanguage":"hu","@id":"https:\/\/glabs.me\/hu\/#\/schema\/logo\/image\/","url":"https:\/\/dev-glabsme.srv1.clbr.hu\/wp-content\/uploads\/2022\/06\/GLABs.svg","contentUrl":"https:\/\/dev-glabsme.srv1.clbr.hu\/wp-content\/uploads\/2022\/06\/GLABs.svg","width":"68","height":"35","caption":"GLABs LSS"},"image":{"@id":"https:\/\/glabs.me\/hu\/#\/schema\/logo\/image\/"},"sameAs":["https:\/\/www.facebook.com\/GLABs.software","https:\/\/www.youtube.com\/@GLABs","https:\/\/www.linkedin.com\/company\/glabs\/"]},{"@type":"Person","@id":"https:\/\/glabs.me\/hu\/#\/schema\/person\/a3b785b09d1f3c6af28ea26e660b3c72","name":"Fanni Csiki","sameAs":["https:\/\/glbas.me"],"url":"https:\/\/glabs.me\/hu\/author\/csikif\/"}]}},"_links":{"self":[{"href":"https:\/\/glabs.me\/hu\/wp-json\/wp\/v2\/posts\/587","targetHints":{"allow":["GET"]}}],"collection":[{"href":"https:\/\/glabs.me\/hu\/wp-json\/wp\/v2\/posts"}],"about":[{"href":"https:\/\/glabs.me\/hu\/wp-json\/wp\/v2\/types\/post"}],"author":[{"embeddable":true,"href":"https:\/\/glabs.me\/hu\/wp-json\/wp\/v2\/users\/3"}],"replies":[{"embeddable":true,"href":"https:\/\/glabs.me\/hu\/wp-json\/wp\/v2\/comments?post=587"}],"version-history":[{"count":0,"href":"https:\/\/glabs.me\/hu\/wp-json\/wp\/v2\/posts\/587\/revisions"}],"wp:featuredmedia":[{"embeddable":true,"href":"https:\/\/glabs.me\/hu\/wp-json\/wp\/v2\/media\/588"}],"wp:attachment":[{"href":"https:\/\/glabs.me\/hu\/wp-json\/wp\/v2\/media?parent=587"}],"wp:term":[{"taxonomy":"category","embeddable":true,"href":"https:\/\/glabs.me\/hu\/wp-json\/wp\/v2\/categories?post=587"},{"taxonomy":"post_tag","embeddable":true,"href":"https:\/\/glabs.me\/hu\/wp-json\/wp\/v2\/tags?post=587"}],"curies":[{"name":"wp","href":"https:\/\/api.w.org\/{rel}","templated":true}]}}