{"id":584,"date":"2016-04-27T14:54:26","date_gmt":"2016-04-27T12:54:26","guid":{"rendered":"https:\/\/ujdomain.hu\/?p=584"},"modified":"2023-04-11T15:04:43","modified_gmt":"2023-04-11T13:04:43","slug":"hogyan-javithato-a-kommunikacio-a-logisztika-a-raktar-es-uzleti-partnerei-kozott","status":"publish","type":"post","link":"https:\/\/glabs.me\/hu\/hogyan-javithato-a-kommunikacio-a-logisztika-a-raktar-es-uzleti-partnerei-kozott\/","title":{"rendered":"Hogyan jav\u00edthat\u00f3 a kommunik\u00e1ci\u00f3 a logisztika a rakt\u00e1r \u00e9s \u00fczleti partnerei k\u00f6z\u00f6tt?"},"content":{"rendered":"<div class=\"wpb-content-wrapper\"><p>[vc_row][vc_column][vc_column_text]<strong>Gyakran el\u0151fordulnak olyan esetek, hogy egyes sz\u00e1ll\u00edtm\u00e1nyok folyamatosan \u00e9rkezhetnek a telephelyre, m\u00edg m\u00e1s sz\u00e1ll\u00edt\u00e1sok \u00e9rkez\u00e9s\u00e9hez j\u00f3v\u00e1hagy\u00e1s sz\u00fcks\u00e9ges. Sok esetben ezt a j\u00f3v\u00e1hagy\u00e1st nem is a logisztika, hanem a rakt\u00e1r, vagy egy f\u00fcggetlen m\u00e1sik ter\u00fclet v\u00e9gzi. Az \u00d6n c\u00e9ge, hogyan kezeli ezt a helyzetet?<\/strong><\/p>\n<p>Logisztikai id\u0151pontfoglal\u00f3 szoftver\u00fcnkben a foglal\u00e1si szab\u00e1lyrendszerben <strong>j\u00f3v\u00e1hagy\u00e1si szab\u00e1lyok is megadhat\u00f3k<\/strong>. A szab\u00e1ly <strong>be\u00e1ll\u00edt\u00e1sa t\u00f6rt\u00e9nhet, partner, term\u00e9k, vagy ak\u00e1r ir\u00e1ny szinten<\/strong> is.<\/p>\n<p>A GLABs k\u00e9tf\u00e9le be\u00e1ll\u00edt\u00e1st k\u00fcl\u00f6nb\u00f6ztet meg:<\/p>\n<ul>\n<li><strong>Automatikusan elfogadott sz\u00e1ll\u00edt\u00e1sok<\/strong>. Ilyenkor a rendszer automatikusan visszaigazolja a partner fel\u00e9 a foglal\u00e1s t\u00e9ny\u00e9t \u00e9s annak adatait<\/li>\n<li><strong>Elfogad\u00e1shoz k\u00f6t\u00f6tt sz\u00e1ll\u00edt\u00e1sok<\/strong>. Ebben az esetben a sz\u00e1ll\u00edt\u00e1s elfogad\u00e1s\u00e1ra k\u00fcl\u00f6nb\u00f6z\u0151 ter\u00fcletek jel\u00f6lhet\u0151ek ki, p\u00e9ld\u00e1ul logisztika, rakt\u00e1r, min\u0151s\u00e9gellen\u0151rz\u00e9s, stb\u2026 Ezekr\u0151l a foglal\u00e1sokr\u00f3l a kijel\u00f6lt ter\u00fclet \u00e9rtes\u00edt\u00e9st kap \u00e9s a rendszeren bel\u00fcl elfogadhatja, vagy ak\u00e1r el is utas\u00edthatja azt, melyr\u0151l a partner automatikus \u00e9rtes\u00edt\u00e9st kap. A j\u00f3v\u00e1hagy\u00e1sban sokszor seg\u00edts\u00e9get ny\u00fajtanak a sz\u00e1ll\u00edtm\u00e1nyhoz el\u0151re felt\u00f6lt\u00f6tt dokumentumok is, p\u00e9ld\u00e1ul egy alapanyag besz\u00e1ll\u00edt\u00e1s eset\u00e9n a min\u0151s\u00e9gtan\u00fas\u00edtv\u00e1ny.<\/li>\n<li>Amennyiben nem \u00e1ll rendelkez\u00e9sre elegend\u0151 adat az elb\u00edr\u00e1l\u00e1shoz, a rendszeren kereszt\u00fcl a partner ak\u00e1r hi\u00e1nyp\u00f3tl\u00e1sra is felsz\u00f3l\u00edthat\u00f3, ilyen esetben addig felt\u00e9teles st\u00e1tuszba ker\u00fcl a foglal\u00e1s.<\/li>\n<\/ul>\n<p>A sz\u00e1ll\u00edtm\u00e1nyok <strong>j\u00f3v\u00e1hagy\u00e1s\u00e1nak fontos szerepe<\/strong> van egyr\u00e9szr\u0151l a <strong>logisztikai munk\u00e1ban<\/strong>, a sz\u00e1ll\u00edt\u00e1sok fogad\u00e1s\u00e1ban \u00e9s kezel\u00e9s\u00e9ben, <strong>valamint<\/strong> a portai <strong>bel\u00e9ptet\u00e9sn\u00e9l<\/strong> is, hiszen a sz\u00e1ll\u00edtm\u00e1ny \u00e9rkeztet\u00e9s\u00e9n\u00e9l a rendszer azonnal kijelzi, ha be- vagy kisz\u00e1ll\u00edt\u00e1s nem ker\u00fclt j\u00f3v\u00e1hagy\u00e1sra.<\/p>\n<p>Mivel <strong>az elb\u00edr\u00e1l\u00e1s<\/strong> legt\u00f6bb esetben <strong>a sz\u00e1ll\u00edt\u00f3 elindul\u00e1sa el\u0151tt megt\u00f6rt\u00e9nik,<\/strong> \u00edgy a sz\u00e1ll\u00edtm\u00e1ny esetleges eseteleges elutas\u00edt\u00e1s eset\u00e9n, <strong>kev\u00e9sb\u00e9 alakulnak ki vit\u00e1s helyzetek<\/strong> \u00fczleti partnereivel p\u00e9ld\u00e1ul a f\u00f6l\u00f6sleges t\u00f6bblet sz\u00e1ll\u00edt\u00e1si k\u00f6lts\u00e9geken.[\/vc_column_text][\/vc_column][\/vc_row]<\/p>\n<\/div>","protected":false},"excerpt":{"rendered":"<p>[vc_row][vc_column][vc_column_text]Gyakran el\u0151fordulnak olyan esetek, hogy egyes sz\u00e1ll\u00edtm\u00e1nyok folyamatosan \u00e9rkezhetnek a telephelyre, m\u00edg m\u00e1s sz\u00e1ll\u00edt\u00e1sok \u00e9rkez\u00e9s\u00e9hez j\u00f3v\u00e1hagy\u00e1s sz\u00fcks\u00e9ges. Sok esetben ezt a j\u00f3v\u00e1hagy\u00e1st nem is a logisztika, hanem a rakt\u00e1r, vagy egy f\u00fcggetlen m\u00e1sik ter\u00fclet v\u00e9gzi. Az \u00d6n c\u00e9ge, hogyan kezeli ezt a helyzetet? Logisztikai id\u0151pontfoglal\u00f3 szoftver\u00fcnkben a foglal\u00e1si szab\u00e1lyrendszerben j\u00f3v\u00e1hagy\u00e1si szab\u00e1lyok is megadhat\u00f3k. A szab\u00e1ly&hellip;<\/p>\n","protected":false},"author":3,"featured_media":1159,"comment_status":"closed","ping_status":"closed","sticky":false,"template":"","format":"standard","meta":{"footnotes":""},"categories":[6],"tags":[13,31,52,53,54],"class_list":["post-584","post","type-post","status-publish","format-standard","has-post-thumbnail","hentry","category-hirek","tag-idokapu","tag-logisztika","tag-partner-kommunikacio","tag-raktari-kommunikacio","tag-szallitas-engedelyezes","category-6","description-off"],"yoast_head":"<!-- This site is optimized with the Yoast SEO plugin v27.7 - https:\/\/yoast.com\/product\/yoast-seo-wordpress\/ -->\n<title>Hogyan jav\u00edthat\u00f3 a kommunik\u00e1ci\u00f3 a logisztika a rakt\u00e1r \u00e9s \u00fczleti partnerei k\u00f6z\u00f6tt? - GLABs - Rakod\u00e1s Management Megold\u00e1sok<\/title>\n<meta name=\"robots\" content=\"index, follow, max-snippet:-1, max-image-preview:large, max-video-preview:-1\" \/>\n<link rel=\"canonical\" href=\"https:\/\/glabs.me\/hu\/hogyan-javithato-a-kommunikacio-a-logisztika-a-raktar-es-uzleti-partnerei-kozott\/\" \/>\n<meta property=\"og:locale\" content=\"hu_HU\" \/>\n<meta property=\"og:type\" content=\"article\" \/>\n<meta property=\"og:title\" content=\"Hogyan jav\u00edthat\u00f3 a kommunik\u00e1ci\u00f3 a logisztika a rakt\u00e1r \u00e9s \u00fczleti partnerei k\u00f6z\u00f6tt? - GLABs - Rakod\u00e1s Management Megold\u00e1sok\" \/>\n<meta property=\"og:description\" content=\"[vc_row][vc_column][vc_column_text]Gyakran el\u0151fordulnak olyan esetek, hogy egyes sz\u00e1ll\u00edtm\u00e1nyok folyamatosan \u00e9rkezhetnek a telephelyre, m\u00edg m\u00e1s sz\u00e1ll\u00edt\u00e1sok \u00e9rkez\u00e9s\u00e9hez j\u00f3v\u00e1hagy\u00e1s sz\u00fcks\u00e9ges. Sok esetben ezt a j\u00f3v\u00e1hagy\u00e1st nem is a logisztika, hanem a rakt\u00e1r, vagy egy f\u00fcggetlen m\u00e1sik ter\u00fclet v\u00e9gzi. Az \u00d6n c\u00e9ge, hogyan kezeli ezt a helyzetet? Logisztikai id\u0151pontfoglal\u00f3 szoftver\u00fcnkben a foglal\u00e1si szab\u00e1lyrendszerben j\u00f3v\u00e1hagy\u00e1si szab\u00e1lyok is megadhat\u00f3k. A szab\u00e1ly&hellip;\" \/>\n<meta property=\"og:url\" content=\"https:\/\/glabs.me\/hu\/hogyan-javithato-a-kommunikacio-a-logisztika-a-raktar-es-uzleti-partnerei-kozott\/\" \/>\n<meta property=\"og:site_name\" content=\"GLABs - Rakod\u00e1s Management Megold\u00e1sok\" \/>\n<meta property=\"article:publisher\" content=\"https:\/\/www.facebook.com\/GLABs.software\" \/>\n<meta property=\"article:published_time\" content=\"2016-04-27T12:54:26+00:00\" \/>\n<meta property=\"article:modified_time\" content=\"2023-04-11T13:04:43+00:00\" \/>\n<meta property=\"og:image\" content=\"https:\/\/glabs.me\/wp-content\/uploads\/2016\/04\/hogyan-javithato-a-kommunikacio-a-logisztika-a-raktar-es-uzleti-partnerei-kozott.webp\" \/>\n\t<meta property=\"og:image:width\" content=\"1920\" \/>\n\t<meta property=\"og:image:height\" content=\"1280\" \/>\n\t<meta property=\"og:image:type\" content=\"image\/webp\" \/>\n<meta name=\"author\" content=\"Fanni Csiki\" \/>\n<meta name=\"twitter:card\" content=\"summary_large_image\" \/>\n<meta name=\"twitter:label1\" content=\"Szerz\u0151:\" \/>\n\t<meta name=\"twitter:data1\" content=\"Fanni Csiki\" \/>\n\t<meta name=\"twitter:label2\" content=\"Becs\u00fclt olvas\u00e1si id\u0151\" \/>\n\t<meta name=\"twitter:data2\" content=\"2 perc\" \/>\n<script type=\"application\/ld+json\" class=\"yoast-schema-graph\">{\"@context\":\"https:\\\/\\\/schema.org\",\"@graph\":[{\"@type\":\"Article\",\"@id\":\"https:\\\/\\\/glabs.me\\\/hu\\\/hogyan-javithato-a-kommunikacio-a-logisztika-a-raktar-es-uzleti-partnerei-kozott\\\/#article\",\"isPartOf\":{\"@id\":\"https:\\\/\\\/glabs.me\\\/hu\\\/hogyan-javithato-a-kommunikacio-a-logisztika-a-raktar-es-uzleti-partnerei-kozott\\\/\"},\"author\":{\"name\":\"Fanni Csiki\",\"@id\":\"https:\\\/\\\/glabs.me\\\/hu\\\/#\\\/schema\\\/person\\\/a3b785b09d1f3c6af28ea26e660b3c72\"},\"headline\":\"Hogyan jav\u00edthat\u00f3 a kommunik\u00e1ci\u00f3 a logisztika a rakt\u00e1r \u00e9s \u00fczleti partnerei k\u00f6z\u00f6tt?\",\"datePublished\":\"2016-04-27T12:54:26+00:00\",\"dateModified\":\"2023-04-11T13:04:43+00:00\",\"mainEntityOfPage\":{\"@id\":\"https:\\\/\\\/glabs.me\\\/hu\\\/hogyan-javithato-a-kommunikacio-a-logisztika-a-raktar-es-uzleti-partnerei-kozott\\\/\"},\"wordCount\":462,\"publisher\":{\"@id\":\"https:\\\/\\\/glabs.me\\\/hu\\\/#organization\"},\"image\":{\"@id\":\"https:\\\/\\\/glabs.me\\\/hu\\\/hogyan-javithato-a-kommunikacio-a-logisztika-a-raktar-es-uzleti-partnerei-kozott\\\/#primaryimage\"},\"thumbnailUrl\":\"https:\\\/\\\/glabs.me\\\/wp-content\\\/uploads\\\/2016\\\/04\\\/hogyan-javithato-a-kommunikacio-a-logisztika-a-raktar-es-uzleti-partnerei-kozott.webp\",\"keywords\":[\"id\u0151kapu\",\"LOGISZTIKA\",\"Partner Kommunik\u00e1ci\u00f3\",\"Rakt\u00e1ri Kommunik\u00e1ci\u00f3\",\"Sz\u00e1ll\u00edt\u00e1s Enged\u00e9lyez\u00e9s\"],\"articleSection\":[\"H\u00edrek\"],\"inLanguage\":\"hu\"},{\"@type\":\"WebPage\",\"@id\":\"https:\\\/\\\/glabs.me\\\/hu\\\/hogyan-javithato-a-kommunikacio-a-logisztika-a-raktar-es-uzleti-partnerei-kozott\\\/\",\"url\":\"https:\\\/\\\/glabs.me\\\/hu\\\/hogyan-javithato-a-kommunikacio-a-logisztika-a-raktar-es-uzleti-partnerei-kozott\\\/\",\"name\":\"Hogyan jav\u00edthat\u00f3 a kommunik\u00e1ci\u00f3 a logisztika a rakt\u00e1r \u00e9s \u00fczleti partnerei k\u00f6z\u00f6tt? - GLABs - Rakod\u00e1s Management Megold\u00e1sok\",\"isPartOf\":{\"@id\":\"https:\\\/\\\/glabs.me\\\/hu\\\/#website\"},\"primaryImageOfPage\":{\"@id\":\"https:\\\/\\\/glabs.me\\\/hu\\\/hogyan-javithato-a-kommunikacio-a-logisztika-a-raktar-es-uzleti-partnerei-kozott\\\/#primaryimage\"},\"image\":{\"@id\":\"https:\\\/\\\/glabs.me\\\/hu\\\/hogyan-javithato-a-kommunikacio-a-logisztika-a-raktar-es-uzleti-partnerei-kozott\\\/#primaryimage\"},\"thumbnailUrl\":\"https:\\\/\\\/glabs.me\\\/wp-content\\\/uploads\\\/2016\\\/04\\\/hogyan-javithato-a-kommunikacio-a-logisztika-a-raktar-es-uzleti-partnerei-kozott.webp\",\"datePublished\":\"2016-04-27T12:54:26+00:00\",\"dateModified\":\"2023-04-11T13:04:43+00:00\",\"breadcrumb\":{\"@id\":\"https:\\\/\\\/glabs.me\\\/hu\\\/hogyan-javithato-a-kommunikacio-a-logisztika-a-raktar-es-uzleti-partnerei-kozott\\\/#breadcrumb\"},\"inLanguage\":\"hu\",\"potentialAction\":[{\"@type\":\"ReadAction\",\"target\":[\"https:\\\/\\\/glabs.me\\\/hu\\\/hogyan-javithato-a-kommunikacio-a-logisztika-a-raktar-es-uzleti-partnerei-kozott\\\/\"]}]},{\"@type\":\"ImageObject\",\"inLanguage\":\"hu\",\"@id\":\"https:\\\/\\\/glabs.me\\\/hu\\\/hogyan-javithato-a-kommunikacio-a-logisztika-a-raktar-es-uzleti-partnerei-kozott\\\/#primaryimage\",\"url\":\"https:\\\/\\\/glabs.me\\\/wp-content\\\/uploads\\\/2016\\\/04\\\/hogyan-javithato-a-kommunikacio-a-logisztika-a-raktar-es-uzleti-partnerei-kozott.webp\",\"contentUrl\":\"https:\\\/\\\/glabs.me\\\/wp-content\\\/uploads\\\/2016\\\/04\\\/hogyan-javithato-a-kommunikacio-a-logisztika-a-raktar-es-uzleti-partnerei-kozott.webp\",\"width\":1920,\"height\":1280},{\"@type\":\"BreadcrumbList\",\"@id\":\"https:\\\/\\\/glabs.me\\\/hu\\\/hogyan-javithato-a-kommunikacio-a-logisztika-a-raktar-es-uzleti-partnerei-kozott\\\/#breadcrumb\",\"itemListElement\":[{\"@type\":\"ListItem\",\"position\":1,\"name\":\"Kezd\u0151lap\",\"item\":\"https:\\\/\\\/glabs.me\\\/hu\\\/\"},{\"@type\":\"ListItem\",\"position\":2,\"name\":\"Hogyan jav\u00edthat\u00f3 a kommunik\u00e1ci\u00f3 a logisztika a rakt\u00e1r \u00e9s \u00fczleti partnerei k\u00f6z\u00f6tt?\"}]},{\"@type\":\"WebSite\",\"@id\":\"https:\\\/\\\/glabs.me\\\/hu\\\/#website\",\"url\":\"https:\\\/\\\/glabs.me\\\/hu\\\/\",\"name\":\"GLABs - Rakod\u00e1s Management Megold\u00e1sok\",\"description\":\"\",\"publisher\":{\"@id\":\"https:\\\/\\\/glabs.me\\\/hu\\\/#organization\"},\"potentialAction\":[{\"@type\":\"SearchAction\",\"target\":{\"@type\":\"EntryPoint\",\"urlTemplate\":\"https:\\\/\\\/glabs.me\\\/hu\\\/?s={search_term_string}\"},\"query-input\":{\"@type\":\"PropertyValueSpecification\",\"valueRequired\":true,\"valueName\":\"search_term_string\"}}],\"inLanguage\":\"hu\"},{\"@type\":\"Organization\",\"@id\":\"https:\\\/\\\/glabs.me\\\/hu\\\/#organization\",\"name\":\"GLABs LSS\",\"alternateName\":\"GLABs\",\"url\":\"https:\\\/\\\/glabs.me\\\/hu\\\/\",\"logo\":{\"@type\":\"ImageObject\",\"inLanguage\":\"hu\",\"@id\":\"https:\\\/\\\/glabs.me\\\/hu\\\/#\\\/schema\\\/logo\\\/image\\\/\",\"url\":\"https:\\\/\\\/dev-glabsme.srv1.clbr.hu\\\/wp-content\\\/uploads\\\/2022\\\/06\\\/GLABs.svg\",\"contentUrl\":\"https:\\\/\\\/dev-glabsme.srv1.clbr.hu\\\/wp-content\\\/uploads\\\/2022\\\/06\\\/GLABs.svg\",\"width\":\"68\",\"height\":\"35\",\"caption\":\"GLABs LSS\"},\"image\":{\"@id\":\"https:\\\/\\\/glabs.me\\\/hu\\\/#\\\/schema\\\/logo\\\/image\\\/\"},\"sameAs\":[\"https:\\\/\\\/www.facebook.com\\\/GLABs.software\",\"https:\\\/\\\/www.youtube.com\\\/@GLABs\",\"https:\\\/\\\/www.linkedin.com\\\/company\\\/glabs\\\/\"]},{\"@type\":\"Person\",\"@id\":\"https:\\\/\\\/glabs.me\\\/hu\\\/#\\\/schema\\\/person\\\/a3b785b09d1f3c6af28ea26e660b3c72\",\"name\":\"Fanni Csiki\",\"sameAs\":[\"https:\\\/\\\/glbas.me\"],\"url\":\"https:\\\/\\\/glabs.me\\\/hu\\\/author\\\/csikif\\\/\"}]}<\/script>\n<!-- \/ Yoast SEO plugin. -->","yoast_head_json":{"title":"Hogyan jav\u00edthat\u00f3 a kommunik\u00e1ci\u00f3 a logisztika a rakt\u00e1r \u00e9s \u00fczleti partnerei k\u00f6z\u00f6tt? - GLABs - Rakod\u00e1s Management Megold\u00e1sok","robots":{"index":"index","follow":"follow","max-snippet":"max-snippet:-1","max-image-preview":"max-image-preview:large","max-video-preview":"max-video-preview:-1"},"canonical":"https:\/\/glabs.me\/hu\/hogyan-javithato-a-kommunikacio-a-logisztika-a-raktar-es-uzleti-partnerei-kozott\/","og_locale":"hu_HU","og_type":"article","og_title":"Hogyan jav\u00edthat\u00f3 a kommunik\u00e1ci\u00f3 a logisztika a rakt\u00e1r \u00e9s \u00fczleti partnerei k\u00f6z\u00f6tt? - GLABs - Rakod\u00e1s Management Megold\u00e1sok","og_description":"[vc_row][vc_column][vc_column_text]Gyakran el\u0151fordulnak olyan esetek, hogy egyes sz\u00e1ll\u00edtm\u00e1nyok folyamatosan \u00e9rkezhetnek a telephelyre, m\u00edg m\u00e1s sz\u00e1ll\u00edt\u00e1sok \u00e9rkez\u00e9s\u00e9hez j\u00f3v\u00e1hagy\u00e1s sz\u00fcks\u00e9ges. Sok esetben ezt a j\u00f3v\u00e1hagy\u00e1st nem is a logisztika, hanem a rakt\u00e1r, vagy egy f\u00fcggetlen m\u00e1sik ter\u00fclet v\u00e9gzi. Az \u00d6n c\u00e9ge, hogyan kezeli ezt a helyzetet? Logisztikai id\u0151pontfoglal\u00f3 szoftver\u00fcnkben a foglal\u00e1si szab\u00e1lyrendszerben j\u00f3v\u00e1hagy\u00e1si szab\u00e1lyok is megadhat\u00f3k. A szab\u00e1ly&hellip;","og_url":"https:\/\/glabs.me\/hu\/hogyan-javithato-a-kommunikacio-a-logisztika-a-raktar-es-uzleti-partnerei-kozott\/","og_site_name":"GLABs - Rakod\u00e1s Management Megold\u00e1sok","article_publisher":"https:\/\/www.facebook.com\/GLABs.software","article_published_time":"2016-04-27T12:54:26+00:00","article_modified_time":"2023-04-11T13:04:43+00:00","og_image":[{"width":1920,"height":1280,"url":"https:\/\/glabs.me\/wp-content\/uploads\/2016\/04\/hogyan-javithato-a-kommunikacio-a-logisztika-a-raktar-es-uzleti-partnerei-kozott.webp","type":"image\/webp"}],"author":"Fanni Csiki","twitter_card":"summary_large_image","twitter_misc":{"Szerz\u0151:":"Fanni Csiki","Becs\u00fclt olvas\u00e1si id\u0151":"2 perc"},"schema":{"@context":"https:\/\/schema.org","@graph":[{"@type":"Article","@id":"https:\/\/glabs.me\/hu\/hogyan-javithato-a-kommunikacio-a-logisztika-a-raktar-es-uzleti-partnerei-kozott\/#article","isPartOf":{"@id":"https:\/\/glabs.me\/hu\/hogyan-javithato-a-kommunikacio-a-logisztika-a-raktar-es-uzleti-partnerei-kozott\/"},"author":{"name":"Fanni Csiki","@id":"https:\/\/glabs.me\/hu\/#\/schema\/person\/a3b785b09d1f3c6af28ea26e660b3c72"},"headline":"Hogyan jav\u00edthat\u00f3 a kommunik\u00e1ci\u00f3 a logisztika a rakt\u00e1r \u00e9s \u00fczleti partnerei k\u00f6z\u00f6tt?","datePublished":"2016-04-27T12:54:26+00:00","dateModified":"2023-04-11T13:04:43+00:00","mainEntityOfPage":{"@id":"https:\/\/glabs.me\/hu\/hogyan-javithato-a-kommunikacio-a-logisztika-a-raktar-es-uzleti-partnerei-kozott\/"},"wordCount":462,"publisher":{"@id":"https:\/\/glabs.me\/hu\/#organization"},"image":{"@id":"https:\/\/glabs.me\/hu\/hogyan-javithato-a-kommunikacio-a-logisztika-a-raktar-es-uzleti-partnerei-kozott\/#primaryimage"},"thumbnailUrl":"https:\/\/glabs.me\/wp-content\/uploads\/2016\/04\/hogyan-javithato-a-kommunikacio-a-logisztika-a-raktar-es-uzleti-partnerei-kozott.webp","keywords":["id\u0151kapu","LOGISZTIKA","Partner Kommunik\u00e1ci\u00f3","Rakt\u00e1ri Kommunik\u00e1ci\u00f3","Sz\u00e1ll\u00edt\u00e1s Enged\u00e9lyez\u00e9s"],"articleSection":["H\u00edrek"],"inLanguage":"hu"},{"@type":"WebPage","@id":"https:\/\/glabs.me\/hu\/hogyan-javithato-a-kommunikacio-a-logisztika-a-raktar-es-uzleti-partnerei-kozott\/","url":"https:\/\/glabs.me\/hu\/hogyan-javithato-a-kommunikacio-a-logisztika-a-raktar-es-uzleti-partnerei-kozott\/","name":"Hogyan jav\u00edthat\u00f3 a kommunik\u00e1ci\u00f3 a logisztika a rakt\u00e1r \u00e9s \u00fczleti partnerei k\u00f6z\u00f6tt? - GLABs - Rakod\u00e1s Management Megold\u00e1sok","isPartOf":{"@id":"https:\/\/glabs.me\/hu\/#website"},"primaryImageOfPage":{"@id":"https:\/\/glabs.me\/hu\/hogyan-javithato-a-kommunikacio-a-logisztika-a-raktar-es-uzleti-partnerei-kozott\/#primaryimage"},"image":{"@id":"https:\/\/glabs.me\/hu\/hogyan-javithato-a-kommunikacio-a-logisztika-a-raktar-es-uzleti-partnerei-kozott\/#primaryimage"},"thumbnailUrl":"https:\/\/glabs.me\/wp-content\/uploads\/2016\/04\/hogyan-javithato-a-kommunikacio-a-logisztika-a-raktar-es-uzleti-partnerei-kozott.webp","datePublished":"2016-04-27T12:54:26+00:00","dateModified":"2023-04-11T13:04:43+00:00","breadcrumb":{"@id":"https:\/\/glabs.me\/hu\/hogyan-javithato-a-kommunikacio-a-logisztika-a-raktar-es-uzleti-partnerei-kozott\/#breadcrumb"},"inLanguage":"hu","potentialAction":[{"@type":"ReadAction","target":["https:\/\/glabs.me\/hu\/hogyan-javithato-a-kommunikacio-a-logisztika-a-raktar-es-uzleti-partnerei-kozott\/"]}]},{"@type":"ImageObject","inLanguage":"hu","@id":"https:\/\/glabs.me\/hu\/hogyan-javithato-a-kommunikacio-a-logisztika-a-raktar-es-uzleti-partnerei-kozott\/#primaryimage","url":"https:\/\/glabs.me\/wp-content\/uploads\/2016\/04\/hogyan-javithato-a-kommunikacio-a-logisztika-a-raktar-es-uzleti-partnerei-kozott.webp","contentUrl":"https:\/\/glabs.me\/wp-content\/uploads\/2016\/04\/hogyan-javithato-a-kommunikacio-a-logisztika-a-raktar-es-uzleti-partnerei-kozott.webp","width":1920,"height":1280},{"@type":"BreadcrumbList","@id":"https:\/\/glabs.me\/hu\/hogyan-javithato-a-kommunikacio-a-logisztika-a-raktar-es-uzleti-partnerei-kozott\/#breadcrumb","itemListElement":[{"@type":"ListItem","position":1,"name":"Kezd\u0151lap","item":"https:\/\/glabs.me\/hu\/"},{"@type":"ListItem","position":2,"name":"Hogyan jav\u00edthat\u00f3 a kommunik\u00e1ci\u00f3 a logisztika a rakt\u00e1r \u00e9s \u00fczleti partnerei k\u00f6z\u00f6tt?"}]},{"@type":"WebSite","@id":"https:\/\/glabs.me\/hu\/#website","url":"https:\/\/glabs.me\/hu\/","name":"GLABs - Rakod\u00e1s Management Megold\u00e1sok","description":"","publisher":{"@id":"https:\/\/glabs.me\/hu\/#organization"},"potentialAction":[{"@type":"SearchAction","target":{"@type":"EntryPoint","urlTemplate":"https:\/\/glabs.me\/hu\/?s={search_term_string}"},"query-input":{"@type":"PropertyValueSpecification","valueRequired":true,"valueName":"search_term_string"}}],"inLanguage":"hu"},{"@type":"Organization","@id":"https:\/\/glabs.me\/hu\/#organization","name":"GLABs LSS","alternateName":"GLABs","url":"https:\/\/glabs.me\/hu\/","logo":{"@type":"ImageObject","inLanguage":"hu","@id":"https:\/\/glabs.me\/hu\/#\/schema\/logo\/image\/","url":"https:\/\/dev-glabsme.srv1.clbr.hu\/wp-content\/uploads\/2022\/06\/GLABs.svg","contentUrl":"https:\/\/dev-glabsme.srv1.clbr.hu\/wp-content\/uploads\/2022\/06\/GLABs.svg","width":"68","height":"35","caption":"GLABs LSS"},"image":{"@id":"https:\/\/glabs.me\/hu\/#\/schema\/logo\/image\/"},"sameAs":["https:\/\/www.facebook.com\/GLABs.software","https:\/\/www.youtube.com\/@GLABs","https:\/\/www.linkedin.com\/company\/glabs\/"]},{"@type":"Person","@id":"https:\/\/glabs.me\/hu\/#\/schema\/person\/a3b785b09d1f3c6af28ea26e660b3c72","name":"Fanni Csiki","sameAs":["https:\/\/glbas.me"],"url":"https:\/\/glabs.me\/hu\/author\/csikif\/"}]}},"_links":{"self":[{"href":"https:\/\/glabs.me\/hu\/wp-json\/wp\/v2\/posts\/584","targetHints":{"allow":["GET"]}}],"collection":[{"href":"https:\/\/glabs.me\/hu\/wp-json\/wp\/v2\/posts"}],"about":[{"href":"https:\/\/glabs.me\/hu\/wp-json\/wp\/v2\/types\/post"}],"author":[{"embeddable":true,"href":"https:\/\/glabs.me\/hu\/wp-json\/wp\/v2\/users\/3"}],"replies":[{"embeddable":true,"href":"https:\/\/glabs.me\/hu\/wp-json\/wp\/v2\/comments?post=584"}],"version-history":[{"count":0,"href":"https:\/\/glabs.me\/hu\/wp-json\/wp\/v2\/posts\/584\/revisions"}],"wp:featuredmedia":[{"embeddable":true,"href":"https:\/\/glabs.me\/hu\/wp-json\/wp\/v2\/media\/1159"}],"wp:attachment":[{"href":"https:\/\/glabs.me\/hu\/wp-json\/wp\/v2\/media?parent=584"}],"wp:term":[{"taxonomy":"category","embeddable":true,"href":"https:\/\/glabs.me\/hu\/wp-json\/wp\/v2\/categories?post=584"},{"taxonomy":"post_tag","embeddable":true,"href":"https:\/\/glabs.me\/hu\/wp-json\/wp\/v2\/tags?post=584"}],"curies":[{"name":"wp","href":"https:\/\/api.w.org\/{rel}","templated":true}]}}