{"id":581,"date":"2016-05-05T14:48:46","date_gmt":"2016-05-05T12:48:46","guid":{"rendered":"https:\/\/ujdomain.hu\/?p=581"},"modified":"2023-04-11T15:04:43","modified_gmt":"2023-04-11T13:04:43","slug":"riportok-amiket-meg-sosem-latott-szallitasairol","status":"publish","type":"post","link":"https:\/\/glabs.me\/hu\/riportok-amiket-meg-sosem-latott-szallitasairol\/","title":{"rendered":"Riportok, amiket m\u00e9g sosem l\u00e1tott sz\u00e1ll\u00edt\u00e1sair\u00f3l"},"content":{"rendered":"<div class=\"wpb-content-wrapper\"><p>[vc_row][vc_column][vc_column_text]<strong>A v\u00e1llalkoz\u00e1sok m\u0171k\u00f6d\u00e9s\u00e9ben az egyik legfontosabb r\u00e9szleg a logisztika, hiszen ez a r\u00e9szleg \u00e1ll napi szint\u0171 kapcsolatban a vev\u0151kkel \u00e9s sz\u00e1ll\u00edt\u00f3kkal, t\u00e1mogatja az \u00e9rt\u00e9kes\u00edt\u00e9si folyamatokat, biztos\u00edtja az alapanyag ell\u00e1t\u00e1st \u00e9s szervezi c\u00e9g \u00f6sszes mozg\u00e1s\u00e1t, \u00edgy ez a c\u00e9g kapuja a k\u00fclvil\u00e1g fel\u00e9. Ez\u00e9rt az \u00fczleti kapcsolat l\u00e9trej\u00f6tte ut\u00e1n a partnerek f\u0151leg a logisztika m\u0171k\u00f6d\u00e9se r\u00e9v\u00e9n kapnak folyamatos k\u00e9pet a c\u00e9gr\u0151l \u00e9s ez alapj\u00e1n \u00edt\u00e9lik meg annak teljes m\u0171k\u00f6d\u00e9s\u00e9t. A stabil, konfliktusmentes, g\u00f6rd\u00fcl\u00e9keny \u00fczleti kapcsolatok meg\u0151rz\u00e9se \u00e9rdek\u00e9ben kifejezetten fontos az itt zajl\u00f3 folyamatok m\u00e9r\u00e9se, riportol\u00e1sa \u00e9s optimaliz\u00e1l\u00e1sa, melyhez az ERP rendszerek nem tudnak kell\u0151 t\u00e1mogat\u00e1st ny\u00fajtani.<\/strong><\/p>\n<p><strong>GLABS Logisztikai id\u0151pontfoglal\u00f3 rendszer\u00fcnk<\/strong> azon t\u00fal, hogy seg\u00edti a ki- \u00e9s besz\u00e1ll\u00edt\u00e1sokat tervez\u00e9s\u00e9ben, az optim\u00e1lis er\u0151forr\u00e1s kihaszn\u00e1l\u00e1s\u00e1ban, a szervezett \u00e9s \u00e1tl\u00e1that\u00f3 m\u0171k\u00f6d\u00e9sben, <strong>seg\u00edti a folyamatok m\u00e9r\u00e9s\u00e9t \u00e9s riportol\u00e1s\u00e1t<\/strong> is.<\/p>\n<p>Az <strong>id\u0151pontfoglal\u00f3<\/strong> szoftverben t\u00f6rt\u00e9n\u0151 esem\u00e9nyek <strong>napl\u00f3zva<\/strong> vannak. Ennek k\u00f6sz\u00f6nhet\u0151en egyr\u00e9szr\u0151l minden pontosan visszakereshet\u0151, m\u00e1sr\u00e9szr\u0151l olyan <strong>speci\u00e1lis<\/strong> <strong>kimutat\u00e1sok<\/strong> seg\u00edtik a logisztika m\u0171k\u00f6d\u00e9s\u00e9nek elemz\u00e9s\u00e9t \u00e9s teszik lehet\u0151v\u00e9 az egyes folyamatok hat\u00e9konys\u00e1g\u00e1nak optimaliz\u00e1l\u00e1s\u00e1t, amelyeket az ERP programok eddig nem tudtak szolg\u00e1ltatni.<\/p>\n<p>A <strong>napl\u00f3z\u00e1snak<\/strong> <strong>k\u00f6sz\u00f6nhet\u0151en<\/strong> a rendszert haszn\u00e1l\u00f3 felhaszn\u00e1l\u00f3k sz\u00e1m\u00e1ra<strong> k\u00f6nnyen megtekinthet\u0151<\/strong> egy <strong>sz\u00e1ll\u00edtm\u00e1ny t\u00f6rt\u00e9nete<\/strong>:<\/p>\n<ul>\n<li><strong>ki r\u00f6gz\u00edtette a foglal\u00e1st<\/strong> az adott sz\u00e1ll\u00edt\u00e1shoz<\/li>\n<li><strong>ki \u00e9s mikor hagyta j\u00f3v\u00e1<\/strong> a sz\u00e1ll\u00edtm\u00e1ny bel\u00e9p\u00e9s\u00e9t<\/li>\n<li>a <strong>m\u00f3dos\u00edt\u00e1sokr\u00f3l<\/strong> megmondhat\u00f3 <strong>ki \u00e9s mikor v\u00e9gezte<\/strong>, valamint mit mire v\u00e1ltoztatott<\/li>\n<li>megtekinthet\u0151 <strong>a<\/strong> <strong>sz\u00e1ll\u00edtm\u00e1ny<\/strong> pontos <strong>\u00e9rkez\u00e9se<\/strong>, a telephelyre t\u00f6rt\u00e9n\u0151 <strong>bel\u00e9p\u00e9se<\/strong> \u00e9s az onnan t\u00f6rt\u00e9n\u0151 <strong>kil\u00e9p\u00e9s<\/strong><\/li>\n<\/ul>\n<p>Ezeken fel\u00fcl a foglal\u00e1si oldalon tov\u00e1bbi statisztik\u00e1k k\u00e9rhet\u0151ek le a sz\u00e1ll\u00edtm\u00e1nyokkal kapcsolatosan, ak\u00e1r munkaf\u00e1zisokra is lebontva:<\/p>\n<ul>\n<li>k\u00e9s\u00e9s eset\u00e9n <strong>mennyit<\/strong> <strong>k\u00e9sett<\/strong> az eredeti foglal\u00e1shoz k\u00e9pest a sz\u00e1ll\u00edt\u00f3<\/li>\n<li>melyik partner, vagy sz\u00e1ll\u00edt\u00f3 <strong>h\u00e1nyszor k\u00e9sik<\/strong><\/li>\n<li>mennyi az <strong>\u00e1tlagos<\/strong>\n<ul>\n<li><strong>v\u00e1rakoz\u00e1si<\/strong> id\u0151<\/li>\n<li><strong>\u00fcgyint\u00e9z\u00e9si<\/strong> id\u0151<\/li>\n<li><strong>rakod\u00e1si<\/strong> id\u0151<\/li>\n<li><strong>kil\u00e9p\u00e9si<\/strong> id\u0151<\/li>\n<\/ul>\n<\/li>\n<li>kimutathat\u00f3 az \u00e1tlagos<strong> teljes kiszolg\u00e1l\u00e1si id\u0151,<\/strong> amely ak\u00e1r c\u00e9ltervek meghat\u00e1roz\u00e1s\u00e1t is lehet\u0151v\u00e9 teszi<\/li>\n<li>lek\u00e9rdezhet\u0151 az \u00e1tlagos <strong>nett\u00f3 \u00e9s brutt\u00f3 rakod\u00e1si id\u0151<\/strong> ak\u00e1r rakt\u00e1ri koll\u00e9g\u00e1ra is kimutatva<\/li>\n<li>kimutathat\u00f3v\u00e1 v\u00e1lik az id\u0151szaki<strong> rakt\u00e1ri \u00fcresj\u00e1rati id\u0151<\/strong><\/li>\n<li>lek\u00e9rhet\u0151 egy id\u0151szak teljes\u00edt\u00e9se<strong> fogadott kamionok<\/strong>, vagy ak\u00e1r <strong>paletta<\/strong> alapj\u00e1n<\/li>\n<\/ul>\n<p>A mellett, hogy minden riport \u00e9s lista <strong>excelbe export\u00e1lhat\u00f3<\/strong>, rendszer\u00fcnket folyamatosan fejlesztj\u00fck, \u00edgy az \u00f6sszegy\u0171jt\u00f6tt rendelkez\u00e9sre \u00e1ll\u00f3 adatokb\u00f3l <strong>tov\u00e1bbi tetsz\u0151leges riportokat<\/strong> tudunk \u00f6ssze\u00e1ll\u00edtani, felhaszn\u00e1l\u00f3ink ig\u00e9nyei alapj\u00e1n.[\/vc_column_text][\/vc_column][\/vc_row]<\/p>\n<\/div>","protected":false},"excerpt":{"rendered":"<p>[vc_row][vc_column][vc_column_text]A v\u00e1llalkoz\u00e1sok m\u0171k\u00f6d\u00e9s\u00e9ben az egyik legfontosabb r\u00e9szleg a logisztika, hiszen ez a r\u00e9szleg \u00e1ll napi szint\u0171 kapcsolatban a vev\u0151kkel \u00e9s sz\u00e1ll\u00edt\u00f3kkal, t\u00e1mogatja az \u00e9rt\u00e9kes\u00edt\u00e9si folyamatokat, biztos\u00edtja az alapanyag ell\u00e1t\u00e1st \u00e9s szervezi c\u00e9g \u00f6sszes mozg\u00e1s\u00e1t, \u00edgy ez a c\u00e9g kapuja a k\u00fclvil\u00e1g fel\u00e9. Ez\u00e9rt az \u00fczleti kapcsolat l\u00e9trej\u00f6tte ut\u00e1n a partnerek f\u0151leg a logisztika m\u0171k\u00f6d\u00e9se r\u00e9v\u00e9n&hellip;<\/p>\n","protected":false},"author":3,"featured_media":1160,"comment_status":"closed","ping_status":"closed","sticky":false,"template":"","format":"standard","meta":{"footnotes":""},"categories":[6],"tags":[48,13,31,49,50,43,51],"class_list":["post-581","post","type-post","status-publish","format-standard","has-post-thumbnail","hentry","category-hirek","tag-ellatasi-lanc","tag-idokapu","tag-logisztika","tag-logisztikai-riportok","tag-monitoring","tag-raktar","tag-raktar-teljesitmeny-meres","category-6","description-off"],"yoast_head":"<!-- This site is optimized with the Yoast SEO plugin v27.7 - https:\/\/yoast.com\/product\/yoast-seo-wordpress\/ -->\n<title>Riportok, amiket m\u00e9g sosem l\u00e1tott sz\u00e1ll\u00edt\u00e1sair\u00f3l - GLABs - Rakod\u00e1s Management Megold\u00e1sok<\/title>\n<meta name=\"robots\" content=\"index, follow, max-snippet:-1, max-image-preview:large, max-video-preview:-1\" \/>\n<link rel=\"canonical\" href=\"https:\/\/glabs.me\/hu\/riportok-amiket-meg-sosem-latott-szallitasairol\/\" \/>\n<meta property=\"og:locale\" content=\"hu_HU\" \/>\n<meta property=\"og:type\" content=\"article\" \/>\n<meta property=\"og:title\" content=\"Riportok, amiket m\u00e9g sosem l\u00e1tott sz\u00e1ll\u00edt\u00e1sair\u00f3l - GLABs - Rakod\u00e1s Management Megold\u00e1sok\" \/>\n<meta property=\"og:description\" content=\"[vc_row][vc_column][vc_column_text]A v\u00e1llalkoz\u00e1sok m\u0171k\u00f6d\u00e9s\u00e9ben az egyik legfontosabb r\u00e9szleg a logisztika, hiszen ez a r\u00e9szleg \u00e1ll napi szint\u0171 kapcsolatban a vev\u0151kkel \u00e9s sz\u00e1ll\u00edt\u00f3kkal, t\u00e1mogatja az \u00e9rt\u00e9kes\u00edt\u00e9si folyamatokat, biztos\u00edtja az alapanyag ell\u00e1t\u00e1st \u00e9s szervezi c\u00e9g \u00f6sszes mozg\u00e1s\u00e1t, \u00edgy ez a c\u00e9g kapuja a k\u00fclvil\u00e1g fel\u00e9. Ez\u00e9rt az \u00fczleti kapcsolat l\u00e9trej\u00f6tte ut\u00e1n a partnerek f\u0151leg a logisztika m\u0171k\u00f6d\u00e9se r\u00e9v\u00e9n&hellip;\" \/>\n<meta property=\"og:url\" content=\"https:\/\/glabs.me\/hu\/riportok-amiket-meg-sosem-latott-szallitasairol\/\" \/>\n<meta property=\"og:site_name\" content=\"GLABs - Rakod\u00e1s Management Megold\u00e1sok\" \/>\n<meta property=\"article:publisher\" content=\"https:\/\/www.facebook.com\/GLABs.software\" \/>\n<meta property=\"article:published_time\" content=\"2016-05-05T12:48:46+00:00\" \/>\n<meta property=\"article:modified_time\" content=\"2023-04-11T13:04:43+00:00\" \/>\n<meta property=\"og:image\" content=\"https:\/\/glabs.me\/wp-content\/uploads\/2016\/05\/riportok-amiket-meg-sosem-latott-szallitasairol.webp\" \/>\n\t<meta property=\"og:image:width\" content=\"1920\" \/>\n\t<meta property=\"og:image:height\" content=\"1281\" \/>\n\t<meta property=\"og:image:type\" content=\"image\/webp\" \/>\n<meta name=\"author\" content=\"Fanni Csiki\" \/>\n<meta name=\"twitter:card\" content=\"summary_large_image\" \/>\n<meta name=\"twitter:label1\" content=\"Szerz\u0151:\" \/>\n\t<meta name=\"twitter:data1\" content=\"Fanni Csiki\" \/>\n\t<meta name=\"twitter:label2\" content=\"Becs\u00fclt olvas\u00e1si id\u0151\" \/>\n\t<meta name=\"twitter:data2\" content=\"3 perc\" \/>\n<script type=\"application\/ld+json\" class=\"yoast-schema-graph\">{\"@context\":\"https:\\\/\\\/schema.org\",\"@graph\":[{\"@type\":\"Article\",\"@id\":\"https:\\\/\\\/glabs.me\\\/hu\\\/riportok-amiket-meg-sosem-latott-szallitasairol\\\/#article\",\"isPartOf\":{\"@id\":\"https:\\\/\\\/glabs.me\\\/hu\\\/riportok-amiket-meg-sosem-latott-szallitasairol\\\/\"},\"author\":{\"name\":\"Fanni Csiki\",\"@id\":\"https:\\\/\\\/glabs.me\\\/hu\\\/#\\\/schema\\\/person\\\/a3b785b09d1f3c6af28ea26e660b3c72\"},\"headline\":\"Riportok, amiket m\u00e9g sosem l\u00e1tott sz\u00e1ll\u00edt\u00e1sair\u00f3l\",\"datePublished\":\"2016-05-05T12:48:46+00:00\",\"dateModified\":\"2023-04-11T13:04:43+00:00\",\"mainEntityOfPage\":{\"@id\":\"https:\\\/\\\/glabs.me\\\/hu\\\/riportok-amiket-meg-sosem-latott-szallitasairol\\\/\"},\"wordCount\":583,\"publisher\":{\"@id\":\"https:\\\/\\\/glabs.me\\\/hu\\\/#organization\"},\"image\":{\"@id\":\"https:\\\/\\\/glabs.me\\\/hu\\\/riportok-amiket-meg-sosem-latott-szallitasairol\\\/#primaryimage\"},\"thumbnailUrl\":\"https:\\\/\\\/glabs.me\\\/wp-content\\\/uploads\\\/2016\\\/05\\\/riportok-amiket-meg-sosem-latott-szallitasairol.webp\",\"keywords\":[\"Ell\u00e1t\u00e1si L\u00e1nc\",\"id\u0151kapu\",\"LOGISZTIKA\",\"Logisztikai Riportok\",\"Monitoring\",\"Rakt\u00e1r\",\"Rakt\u00e1r Teljes\u00edtm\u00e9ny M\u00e9r\u00e9s\"],\"articleSection\":[\"H\u00edrek\"],\"inLanguage\":\"hu\"},{\"@type\":\"WebPage\",\"@id\":\"https:\\\/\\\/glabs.me\\\/hu\\\/riportok-amiket-meg-sosem-latott-szallitasairol\\\/\",\"url\":\"https:\\\/\\\/glabs.me\\\/hu\\\/riportok-amiket-meg-sosem-latott-szallitasairol\\\/\",\"name\":\"Riportok, amiket m\u00e9g sosem l\u00e1tott sz\u00e1ll\u00edt\u00e1sair\u00f3l - GLABs - Rakod\u00e1s Management Megold\u00e1sok\",\"isPartOf\":{\"@id\":\"https:\\\/\\\/glabs.me\\\/hu\\\/#website\"},\"primaryImageOfPage\":{\"@id\":\"https:\\\/\\\/glabs.me\\\/hu\\\/riportok-amiket-meg-sosem-latott-szallitasairol\\\/#primaryimage\"},\"image\":{\"@id\":\"https:\\\/\\\/glabs.me\\\/hu\\\/riportok-amiket-meg-sosem-latott-szallitasairol\\\/#primaryimage\"},\"thumbnailUrl\":\"https:\\\/\\\/glabs.me\\\/wp-content\\\/uploads\\\/2016\\\/05\\\/riportok-amiket-meg-sosem-latott-szallitasairol.webp\",\"datePublished\":\"2016-05-05T12:48:46+00:00\",\"dateModified\":\"2023-04-11T13:04:43+00:00\",\"breadcrumb\":{\"@id\":\"https:\\\/\\\/glabs.me\\\/hu\\\/riportok-amiket-meg-sosem-latott-szallitasairol\\\/#breadcrumb\"},\"inLanguage\":\"hu\",\"potentialAction\":[{\"@type\":\"ReadAction\",\"target\":[\"https:\\\/\\\/glabs.me\\\/hu\\\/riportok-amiket-meg-sosem-latott-szallitasairol\\\/\"]}]},{\"@type\":\"ImageObject\",\"inLanguage\":\"hu\",\"@id\":\"https:\\\/\\\/glabs.me\\\/hu\\\/riportok-amiket-meg-sosem-latott-szallitasairol\\\/#primaryimage\",\"url\":\"https:\\\/\\\/glabs.me\\\/wp-content\\\/uploads\\\/2016\\\/05\\\/riportok-amiket-meg-sosem-latott-szallitasairol.webp\",\"contentUrl\":\"https:\\\/\\\/glabs.me\\\/wp-content\\\/uploads\\\/2016\\\/05\\\/riportok-amiket-meg-sosem-latott-szallitasairol.webp\",\"width\":1920,\"height\":1281},{\"@type\":\"BreadcrumbList\",\"@id\":\"https:\\\/\\\/glabs.me\\\/hu\\\/riportok-amiket-meg-sosem-latott-szallitasairol\\\/#breadcrumb\",\"itemListElement\":[{\"@type\":\"ListItem\",\"position\":1,\"name\":\"Kezd\u0151lap\",\"item\":\"https:\\\/\\\/glabs.me\\\/hu\\\/\"},{\"@type\":\"ListItem\",\"position\":2,\"name\":\"Riportok, amiket m\u00e9g sosem l\u00e1tott sz\u00e1ll\u00edt\u00e1sair\u00f3l\"}]},{\"@type\":\"WebSite\",\"@id\":\"https:\\\/\\\/glabs.me\\\/hu\\\/#website\",\"url\":\"https:\\\/\\\/glabs.me\\\/hu\\\/\",\"name\":\"GLABs - Rakod\u00e1s Management Megold\u00e1sok\",\"description\":\"\",\"publisher\":{\"@id\":\"https:\\\/\\\/glabs.me\\\/hu\\\/#organization\"},\"potentialAction\":[{\"@type\":\"SearchAction\",\"target\":{\"@type\":\"EntryPoint\",\"urlTemplate\":\"https:\\\/\\\/glabs.me\\\/hu\\\/?s={search_term_string}\"},\"query-input\":{\"@type\":\"PropertyValueSpecification\",\"valueRequired\":true,\"valueName\":\"search_term_string\"}}],\"inLanguage\":\"hu\"},{\"@type\":\"Organization\",\"@id\":\"https:\\\/\\\/glabs.me\\\/hu\\\/#organization\",\"name\":\"GLABs LSS\",\"alternateName\":\"GLABs\",\"url\":\"https:\\\/\\\/glabs.me\\\/hu\\\/\",\"logo\":{\"@type\":\"ImageObject\",\"inLanguage\":\"hu\",\"@id\":\"https:\\\/\\\/glabs.me\\\/hu\\\/#\\\/schema\\\/logo\\\/image\\\/\",\"url\":\"https:\\\/\\\/dev-glabsme.srv1.clbr.hu\\\/wp-content\\\/uploads\\\/2022\\\/06\\\/GLABs.svg\",\"contentUrl\":\"https:\\\/\\\/dev-glabsme.srv1.clbr.hu\\\/wp-content\\\/uploads\\\/2022\\\/06\\\/GLABs.svg\",\"width\":\"68\",\"height\":\"35\",\"caption\":\"GLABs LSS\"},\"image\":{\"@id\":\"https:\\\/\\\/glabs.me\\\/hu\\\/#\\\/schema\\\/logo\\\/image\\\/\"},\"sameAs\":[\"https:\\\/\\\/www.facebook.com\\\/GLABs.software\",\"https:\\\/\\\/www.youtube.com\\\/@GLABs\",\"https:\\\/\\\/www.linkedin.com\\\/company\\\/glabs\\\/\"]},{\"@type\":\"Person\",\"@id\":\"https:\\\/\\\/glabs.me\\\/hu\\\/#\\\/schema\\\/person\\\/a3b785b09d1f3c6af28ea26e660b3c72\",\"name\":\"Fanni Csiki\",\"sameAs\":[\"https:\\\/\\\/glbas.me\"],\"url\":\"https:\\\/\\\/glabs.me\\\/hu\\\/author\\\/csikif\\\/\"}]}<\/script>\n<!-- \/ Yoast SEO plugin. -->","yoast_head_json":{"title":"Riportok, amiket m\u00e9g sosem l\u00e1tott sz\u00e1ll\u00edt\u00e1sair\u00f3l - GLABs - Rakod\u00e1s Management Megold\u00e1sok","robots":{"index":"index","follow":"follow","max-snippet":"max-snippet:-1","max-image-preview":"max-image-preview:large","max-video-preview":"max-video-preview:-1"},"canonical":"https:\/\/glabs.me\/hu\/riportok-amiket-meg-sosem-latott-szallitasairol\/","og_locale":"hu_HU","og_type":"article","og_title":"Riportok, amiket m\u00e9g sosem l\u00e1tott sz\u00e1ll\u00edt\u00e1sair\u00f3l - GLABs - Rakod\u00e1s Management Megold\u00e1sok","og_description":"[vc_row][vc_column][vc_column_text]A v\u00e1llalkoz\u00e1sok m\u0171k\u00f6d\u00e9s\u00e9ben az egyik legfontosabb r\u00e9szleg a logisztika, hiszen ez a r\u00e9szleg \u00e1ll napi szint\u0171 kapcsolatban a vev\u0151kkel \u00e9s sz\u00e1ll\u00edt\u00f3kkal, t\u00e1mogatja az \u00e9rt\u00e9kes\u00edt\u00e9si folyamatokat, biztos\u00edtja az alapanyag ell\u00e1t\u00e1st \u00e9s szervezi c\u00e9g \u00f6sszes mozg\u00e1s\u00e1t, \u00edgy ez a c\u00e9g kapuja a k\u00fclvil\u00e1g fel\u00e9. Ez\u00e9rt az \u00fczleti kapcsolat l\u00e9trej\u00f6tte ut\u00e1n a partnerek f\u0151leg a logisztika m\u0171k\u00f6d\u00e9se r\u00e9v\u00e9n&hellip;","og_url":"https:\/\/glabs.me\/hu\/riportok-amiket-meg-sosem-latott-szallitasairol\/","og_site_name":"GLABs - Rakod\u00e1s Management Megold\u00e1sok","article_publisher":"https:\/\/www.facebook.com\/GLABs.software","article_published_time":"2016-05-05T12:48:46+00:00","article_modified_time":"2023-04-11T13:04:43+00:00","og_image":[{"width":1920,"height":1281,"url":"https:\/\/glabs.me\/wp-content\/uploads\/2016\/05\/riportok-amiket-meg-sosem-latott-szallitasairol.webp","type":"image\/webp"}],"author":"Fanni Csiki","twitter_card":"summary_large_image","twitter_misc":{"Szerz\u0151:":"Fanni Csiki","Becs\u00fclt olvas\u00e1si id\u0151":"3 perc"},"schema":{"@context":"https:\/\/schema.org","@graph":[{"@type":"Article","@id":"https:\/\/glabs.me\/hu\/riportok-amiket-meg-sosem-latott-szallitasairol\/#article","isPartOf":{"@id":"https:\/\/glabs.me\/hu\/riportok-amiket-meg-sosem-latott-szallitasairol\/"},"author":{"name":"Fanni Csiki","@id":"https:\/\/glabs.me\/hu\/#\/schema\/person\/a3b785b09d1f3c6af28ea26e660b3c72"},"headline":"Riportok, amiket m\u00e9g sosem l\u00e1tott sz\u00e1ll\u00edt\u00e1sair\u00f3l","datePublished":"2016-05-05T12:48:46+00:00","dateModified":"2023-04-11T13:04:43+00:00","mainEntityOfPage":{"@id":"https:\/\/glabs.me\/hu\/riportok-amiket-meg-sosem-latott-szallitasairol\/"},"wordCount":583,"publisher":{"@id":"https:\/\/glabs.me\/hu\/#organization"},"image":{"@id":"https:\/\/glabs.me\/hu\/riportok-amiket-meg-sosem-latott-szallitasairol\/#primaryimage"},"thumbnailUrl":"https:\/\/glabs.me\/wp-content\/uploads\/2016\/05\/riportok-amiket-meg-sosem-latott-szallitasairol.webp","keywords":["Ell\u00e1t\u00e1si L\u00e1nc","id\u0151kapu","LOGISZTIKA","Logisztikai Riportok","Monitoring","Rakt\u00e1r","Rakt\u00e1r Teljes\u00edtm\u00e9ny M\u00e9r\u00e9s"],"articleSection":["H\u00edrek"],"inLanguage":"hu"},{"@type":"WebPage","@id":"https:\/\/glabs.me\/hu\/riportok-amiket-meg-sosem-latott-szallitasairol\/","url":"https:\/\/glabs.me\/hu\/riportok-amiket-meg-sosem-latott-szallitasairol\/","name":"Riportok, amiket m\u00e9g sosem l\u00e1tott sz\u00e1ll\u00edt\u00e1sair\u00f3l - GLABs - Rakod\u00e1s Management Megold\u00e1sok","isPartOf":{"@id":"https:\/\/glabs.me\/hu\/#website"},"primaryImageOfPage":{"@id":"https:\/\/glabs.me\/hu\/riportok-amiket-meg-sosem-latott-szallitasairol\/#primaryimage"},"image":{"@id":"https:\/\/glabs.me\/hu\/riportok-amiket-meg-sosem-latott-szallitasairol\/#primaryimage"},"thumbnailUrl":"https:\/\/glabs.me\/wp-content\/uploads\/2016\/05\/riportok-amiket-meg-sosem-latott-szallitasairol.webp","datePublished":"2016-05-05T12:48:46+00:00","dateModified":"2023-04-11T13:04:43+00:00","breadcrumb":{"@id":"https:\/\/glabs.me\/hu\/riportok-amiket-meg-sosem-latott-szallitasairol\/#breadcrumb"},"inLanguage":"hu","potentialAction":[{"@type":"ReadAction","target":["https:\/\/glabs.me\/hu\/riportok-amiket-meg-sosem-latott-szallitasairol\/"]}]},{"@type":"ImageObject","inLanguage":"hu","@id":"https:\/\/glabs.me\/hu\/riportok-amiket-meg-sosem-latott-szallitasairol\/#primaryimage","url":"https:\/\/glabs.me\/wp-content\/uploads\/2016\/05\/riportok-amiket-meg-sosem-latott-szallitasairol.webp","contentUrl":"https:\/\/glabs.me\/wp-content\/uploads\/2016\/05\/riportok-amiket-meg-sosem-latott-szallitasairol.webp","width":1920,"height":1281},{"@type":"BreadcrumbList","@id":"https:\/\/glabs.me\/hu\/riportok-amiket-meg-sosem-latott-szallitasairol\/#breadcrumb","itemListElement":[{"@type":"ListItem","position":1,"name":"Kezd\u0151lap","item":"https:\/\/glabs.me\/hu\/"},{"@type":"ListItem","position":2,"name":"Riportok, amiket m\u00e9g sosem l\u00e1tott sz\u00e1ll\u00edt\u00e1sair\u00f3l"}]},{"@type":"WebSite","@id":"https:\/\/glabs.me\/hu\/#website","url":"https:\/\/glabs.me\/hu\/","name":"GLABs - Rakod\u00e1s Management Megold\u00e1sok","description":"","publisher":{"@id":"https:\/\/glabs.me\/hu\/#organization"},"potentialAction":[{"@type":"SearchAction","target":{"@type":"EntryPoint","urlTemplate":"https:\/\/glabs.me\/hu\/?s={search_term_string}"},"query-input":{"@type":"PropertyValueSpecification","valueRequired":true,"valueName":"search_term_string"}}],"inLanguage":"hu"},{"@type":"Organization","@id":"https:\/\/glabs.me\/hu\/#organization","name":"GLABs LSS","alternateName":"GLABs","url":"https:\/\/glabs.me\/hu\/","logo":{"@type":"ImageObject","inLanguage":"hu","@id":"https:\/\/glabs.me\/hu\/#\/schema\/logo\/image\/","url":"https:\/\/dev-glabsme.srv1.clbr.hu\/wp-content\/uploads\/2022\/06\/GLABs.svg","contentUrl":"https:\/\/dev-glabsme.srv1.clbr.hu\/wp-content\/uploads\/2022\/06\/GLABs.svg","width":"68","height":"35","caption":"GLABs LSS"},"image":{"@id":"https:\/\/glabs.me\/hu\/#\/schema\/logo\/image\/"},"sameAs":["https:\/\/www.facebook.com\/GLABs.software","https:\/\/www.youtube.com\/@GLABs","https:\/\/www.linkedin.com\/company\/glabs\/"]},{"@type":"Person","@id":"https:\/\/glabs.me\/hu\/#\/schema\/person\/a3b785b09d1f3c6af28ea26e660b3c72","name":"Fanni Csiki","sameAs":["https:\/\/glbas.me"],"url":"https:\/\/glabs.me\/hu\/author\/csikif\/"}]}},"_links":{"self":[{"href":"https:\/\/glabs.me\/hu\/wp-json\/wp\/v2\/posts\/581","targetHints":{"allow":["GET"]}}],"collection":[{"href":"https:\/\/glabs.me\/hu\/wp-json\/wp\/v2\/posts"}],"about":[{"href":"https:\/\/glabs.me\/hu\/wp-json\/wp\/v2\/types\/post"}],"author":[{"embeddable":true,"href":"https:\/\/glabs.me\/hu\/wp-json\/wp\/v2\/users\/3"}],"replies":[{"embeddable":true,"href":"https:\/\/glabs.me\/hu\/wp-json\/wp\/v2\/comments?post=581"}],"version-history":[{"count":0,"href":"https:\/\/glabs.me\/hu\/wp-json\/wp\/v2\/posts\/581\/revisions"}],"wp:featuredmedia":[{"embeddable":true,"href":"https:\/\/glabs.me\/hu\/wp-json\/wp\/v2\/media\/1160"}],"wp:attachment":[{"href":"https:\/\/glabs.me\/hu\/wp-json\/wp\/v2\/media?parent=581"}],"wp:term":[{"taxonomy":"category","embeddable":true,"href":"https:\/\/glabs.me\/hu\/wp-json\/wp\/v2\/categories?post=581"},{"taxonomy":"post_tag","embeddable":true,"href":"https:\/\/glabs.me\/hu\/wp-json\/wp\/v2\/tags?post=581"}],"curies":[{"name":"wp","href":"https:\/\/api.w.org\/{rel}","templated":true}]}}