{"id":146,"date":"2017-01-12T08:00:17","date_gmt":"2017-01-12T06:00:17","guid":{"rendered":"https:\/\/ujdomain.hu\/?p=146"},"modified":"2025-06-18T10:23:51","modified_gmt":"2025-06-18T08:23:51","slug":"az-ev-logisztikai-esemenye-25-mlbkt-kongresszus-siofok","status":"publish","type":"post","link":"https:\/\/glabs.me\/hu\/az-ev-logisztikai-esemenye-25-mlbkt-kongresszus-siofok\/","title":{"rendered":"Az \u00e9v logisztikai esem\u00e9nye, 25. MLBKT kongresszus si\u00f3fok"},"content":{"rendered":"<p><strong>A GLABs Online Id\u0151kapu egyik k\u00e9pvisel\u0151je is r\u00e9szt vett a 25. alkalommal megrendezett MLBKT Kongresszus\u00e1n, Si\u00f3fokon, ahol a logisztikai szakma k\u00e9pvisel\u0151i t\u00f6bb, mint 600-an vettek r\u00e9szt.<\/strong><\/p>\n<p>Olyan sz\u00ednvonalas, \u00faj szeml\u00e9let m\u00f3dokat, \u00faj megold\u00e1sokat bemutat\u00f3 el\u0151ad\u00e1sokon vehett\u00fcnk r\u00e9szt, a teljess\u00e9g ig\u00e9nye n\u00e9lk\u00fcl, mint:<\/p>\n<ul>\n<li>A fels\u0151vezet\u0151k szerepe egy digitaliz\u00e1lt vil\u00e1gban<\/li>\n<li>21. sz\u00e1zadi fuvarszervez\u00e9s telematikai t\u00e1mogat\u00e1ssal<\/li>\n<li>Logisztikai kih\u00edv\u00e1sok a zenei fesztiv\u00e1lok \u00e9let\u00e9ben<\/li>\n<li>Kerekasztal-besz\u00e9lget\u00e9s a munka j\u00f6v\u0151j\u00e9r\u0151l.<\/li>\n<\/ul>\n<p>T\u00f6bb olyan aktu\u00e1lis logisztikai probl\u00e9ma is felvet\u00e9sre ker\u00fclt a rendezv\u00e9ny ideje alatt, melyre azonnali \u00e9s hat\u00e9kony megold\u00e1st ny\u00fajthat alkalmaz\u00e1sunk a GLABs online id\u0151kapu szoftver, ami funkcionalit\u00e1s\u00e1nak soksz\u00edn\u0171s\u00e9ge r\u00e9v\u00e9n val\u00f3j\u00e1ban egy ell\u00e1t\u00e1si l\u00e1nc menedzsment szoftver. Innovat\u00edv megold\u00e1saink eredm\u00e9nyei:<\/p>\n<ul>\n<li>az adminisztr\u00e1ci\u00f3s terhek cs\u00f6kkent\u00e9se,<\/li>\n<li>a tervezhet\u0151 rakt\u00e1ri ki- \u00e9s berakod\u00e1sok megval\u00f3s\u00edt\u00e1sa,<\/li>\n<li>\u00e1ll\u00e1sid\u0151k cs\u00f6kkent\u00e9se.<\/li>\n<\/ul>\n<p>Az EcoSim szervez\u00e9s\u00e9ben ker\u00fclt sor a kongresszus teljes ideje alatt egy 3 napos, 4 fordul\u00f3b\u00f3l \u00e1ll\u00f3 \u00fczleti szimul\u00e1ci\u00f3s j\u00e1t\u00e9kra. A feladat, az elektronikus eszk\u00f6z\u00f6k piac\u00e1n m\u0171k\u00f6d\u0151, mobil, tablet, laptop eszk\u00f6z\u00f6ket gy\u00e1rt\u00f3 c\u00e9get kellett a legmagasabb profittal m\u0171k\u00f6dtetni.<\/p>\n<p>A 4 fordul\u00f3, 4 \u00fczleti \u00e9vet jelentett a gy\u00e1r \u00e9let\u00e9ben. A 4. \u00e9v v\u00e9g\u00e9re, a 2. legmagasabb profittal, a m\u00e1sodik helyen \u2013 hat indul\u00f3 k\u00f6z\u00fcl, \u2013 a Logikus csapat v\u00e9gzett.<\/p>\n","protected":false},"excerpt":{"rendered":"<p>A GLABs Online Id\u0151kapu egyik k\u00e9pvisel\u0151je is r\u00e9szt vett a 25. alkalommal megrendezett MLBKT Kongresszus\u00e1n, Si\u00f3fokon, ahol a logisztikai szakma k\u00e9pvisel\u0151i t\u00f6bb, mint 600-an vettek r\u00e9szt. Olyan sz\u00ednvonalas, \u00faj szeml\u00e9let m\u00f3dokat, \u00faj megold\u00e1sokat bemutat\u00f3 el\u0151ad\u00e1sokon vehett\u00fcnk r\u00e9szt, a teljess\u00e9g ig\u00e9nye n\u00e9lk\u00fcl, mint: A fels\u0151vezet\u0151k szerepe egy digitaliz\u00e1lt vil\u00e1gban 21. sz\u00e1zadi fuvarszervez\u00e9s telematikai t\u00e1mogat\u00e1ssal Logisztikai kih\u00edv\u00e1sok&hellip;<\/p>\n","protected":false},"author":3,"featured_media":147,"comment_status":"closed","ping_status":"closed","sticky":false,"template":"","format":"standard","meta":{"footnotes":""},"categories":[6],"tags":[13,18,23,24],"class_list":["post-146","post","type-post","status-publish","format-standard","has-post-thumbnail","hentry","category-hirek","tag-idokapu","tag-logisztikai-megoldasok","tag-mlbkt","tag-online-idokapu","category-6","description-off"],"yoast_head":"<!-- This site is optimized with the Yoast SEO plugin v27.7 - https:\/\/yoast.com\/product\/yoast-seo-wordpress\/ -->\n<title>Az \u00e9v logisztikai esem\u00e9nye, 25. MLBKT kongresszus si\u00f3fok - GLABs - Rakod\u00e1s Management Megold\u00e1sok<\/title>\n<meta name=\"robots\" content=\"index, follow, max-snippet:-1, max-image-preview:large, max-video-preview:-1\" \/>\n<link rel=\"canonical\" href=\"https:\/\/glabs.me\/hu\/az-ev-logisztikai-esemenye-25-mlbkt-kongresszus-siofok\/\" \/>\n<meta property=\"og:locale\" content=\"hu_HU\" \/>\n<meta property=\"og:type\" content=\"article\" \/>\n<meta property=\"og:title\" content=\"Az \u00e9v logisztikai esem\u00e9nye, 25. MLBKT kongresszus si\u00f3fok - GLABs - Rakod\u00e1s Management Megold\u00e1sok\" \/>\n<meta property=\"og:description\" content=\"A GLABs Online Id\u0151kapu egyik k\u00e9pvisel\u0151je is r\u00e9szt vett a 25. alkalommal megrendezett MLBKT Kongresszus\u00e1n, Si\u00f3fokon, ahol a logisztikai szakma k\u00e9pvisel\u0151i t\u00f6bb, mint 600-an vettek r\u00e9szt. Olyan sz\u00ednvonalas, \u00faj szeml\u00e9let m\u00f3dokat, \u00faj megold\u00e1sokat bemutat\u00f3 el\u0151ad\u00e1sokon vehett\u00fcnk r\u00e9szt, a teljess\u00e9g ig\u00e9nye n\u00e9lk\u00fcl, mint: A fels\u0151vezet\u0151k szerepe egy digitaliz\u00e1lt vil\u00e1gban 21. sz\u00e1zadi fuvarszervez\u00e9s telematikai t\u00e1mogat\u00e1ssal Logisztikai kih\u00edv\u00e1sok&hellip;\" \/>\n<meta property=\"og:url\" content=\"https:\/\/glabs.me\/hu\/az-ev-logisztikai-esemenye-25-mlbkt-kongresszus-siofok\/\" \/>\n<meta property=\"og:site_name\" content=\"GLABs - Rakod\u00e1s Management Megold\u00e1sok\" \/>\n<meta property=\"article:publisher\" content=\"https:\/\/www.facebook.com\/GLABs.software\" \/>\n<meta property=\"article:published_time\" content=\"2017-01-12T06:00:17+00:00\" \/>\n<meta property=\"article:modified_time\" content=\"2025-06-18T08:23:51+00:00\" \/>\n<meta property=\"og:image\" content=\"https:\/\/glabs.me\/wp-content\/uploads\/2022\/06\/image-5.webp\" \/>\n\t<meta property=\"og:image:width\" content=\"2048\" \/>\n\t<meta property=\"og:image:height\" content=\"1152\" \/>\n\t<meta property=\"og:image:type\" content=\"image\/webp\" \/>\n<meta name=\"author\" content=\"Fanni Csiki\" \/>\n<meta name=\"twitter:card\" content=\"summary_large_image\" \/>\n<meta name=\"twitter:label1\" content=\"Szerz\u0151:\" \/>\n\t<meta name=\"twitter:data1\" content=\"Fanni Csiki\" \/>\n\t<meta name=\"twitter:label2\" content=\"Becs\u00fclt olvas\u00e1si id\u0151\" \/>\n\t<meta name=\"twitter:data2\" content=\"1 perc\" \/>\n<script type=\"application\/ld+json\" class=\"yoast-schema-graph\">{\"@context\":\"https:\\\/\\\/schema.org\",\"@graph\":[{\"@type\":\"Article\",\"@id\":\"https:\\\/\\\/glabs.me\\\/hu\\\/az-ev-logisztikai-esemenye-25-mlbkt-kongresszus-siofok\\\/#article\",\"isPartOf\":{\"@id\":\"https:\\\/\\\/glabs.me\\\/hu\\\/az-ev-logisztikai-esemenye-25-mlbkt-kongresszus-siofok\\\/\"},\"author\":{\"name\":\"Fanni Csiki\",\"@id\":\"https:\\\/\\\/glabs.me\\\/hu\\\/#\\\/schema\\\/person\\\/a3b785b09d1f3c6af28ea26e660b3c72\"},\"headline\":\"Az \u00e9v logisztikai esem\u00e9nye, 25. MLBKT kongresszus si\u00f3fok\",\"datePublished\":\"2017-01-12T06:00:17+00:00\",\"dateModified\":\"2025-06-18T08:23:51+00:00\",\"mainEntityOfPage\":{\"@id\":\"https:\\\/\\\/glabs.me\\\/hu\\\/az-ev-logisztikai-esemenye-25-mlbkt-kongresszus-siofok\\\/\"},\"wordCount\":286,\"publisher\":{\"@id\":\"https:\\\/\\\/glabs.me\\\/hu\\\/#organization\"},\"image\":{\"@id\":\"https:\\\/\\\/glabs.me\\\/hu\\\/az-ev-logisztikai-esemenye-25-mlbkt-kongresszus-siofok\\\/#primaryimage\"},\"thumbnailUrl\":\"https:\\\/\\\/glabs.me\\\/wp-content\\\/uploads\\\/2022\\\/06\\\/image-5.webp\",\"keywords\":[\"id\u0151kapu\",\"logisztikai megold\u00e1sok\",\"MLBKT\",\"online id\u0151kapu\"],\"articleSection\":[\"H\u00edrek\"],\"inLanguage\":\"hu\"},{\"@type\":\"WebPage\",\"@id\":\"https:\\\/\\\/glabs.me\\\/hu\\\/az-ev-logisztikai-esemenye-25-mlbkt-kongresszus-siofok\\\/\",\"url\":\"https:\\\/\\\/glabs.me\\\/hu\\\/az-ev-logisztikai-esemenye-25-mlbkt-kongresszus-siofok\\\/\",\"name\":\"Az \u00e9v logisztikai esem\u00e9nye, 25. MLBKT kongresszus si\u00f3fok - GLABs - Rakod\u00e1s Management Megold\u00e1sok\",\"isPartOf\":{\"@id\":\"https:\\\/\\\/glabs.me\\\/hu\\\/#website\"},\"primaryImageOfPage\":{\"@id\":\"https:\\\/\\\/glabs.me\\\/hu\\\/az-ev-logisztikai-esemenye-25-mlbkt-kongresszus-siofok\\\/#primaryimage\"},\"image\":{\"@id\":\"https:\\\/\\\/glabs.me\\\/hu\\\/az-ev-logisztikai-esemenye-25-mlbkt-kongresszus-siofok\\\/#primaryimage\"},\"thumbnailUrl\":\"https:\\\/\\\/glabs.me\\\/wp-content\\\/uploads\\\/2022\\\/06\\\/image-5.webp\",\"datePublished\":\"2017-01-12T06:00:17+00:00\",\"dateModified\":\"2025-06-18T08:23:51+00:00\",\"breadcrumb\":{\"@id\":\"https:\\\/\\\/glabs.me\\\/hu\\\/az-ev-logisztikai-esemenye-25-mlbkt-kongresszus-siofok\\\/#breadcrumb\"},\"inLanguage\":\"hu\",\"potentialAction\":[{\"@type\":\"ReadAction\",\"target\":[\"https:\\\/\\\/glabs.me\\\/hu\\\/az-ev-logisztikai-esemenye-25-mlbkt-kongresszus-siofok\\\/\"]}]},{\"@type\":\"ImageObject\",\"inLanguage\":\"hu\",\"@id\":\"https:\\\/\\\/glabs.me\\\/hu\\\/az-ev-logisztikai-esemenye-25-mlbkt-kongresszus-siofok\\\/#primaryimage\",\"url\":\"https:\\\/\\\/glabs.me\\\/wp-content\\\/uploads\\\/2022\\\/06\\\/image-5.webp\",\"contentUrl\":\"https:\\\/\\\/glabs.me\\\/wp-content\\\/uploads\\\/2022\\\/06\\\/image-5.webp\",\"width\":2048,\"height\":1152},{\"@type\":\"BreadcrumbList\",\"@id\":\"https:\\\/\\\/glabs.me\\\/hu\\\/az-ev-logisztikai-esemenye-25-mlbkt-kongresszus-siofok\\\/#breadcrumb\",\"itemListElement\":[{\"@type\":\"ListItem\",\"position\":1,\"name\":\"Kezd\u0151lap\",\"item\":\"https:\\\/\\\/glabs.me\\\/hu\\\/\"},{\"@type\":\"ListItem\",\"position\":2,\"name\":\"Az \u00e9v logisztikai esem\u00e9nye, 25. MLBKT kongresszus si\u00f3fok\"}]},{\"@type\":\"WebSite\",\"@id\":\"https:\\\/\\\/glabs.me\\\/hu\\\/#website\",\"url\":\"https:\\\/\\\/glabs.me\\\/hu\\\/\",\"name\":\"GLABs - Rakod\u00e1s Management Megold\u00e1sok\",\"description\":\"\",\"publisher\":{\"@id\":\"https:\\\/\\\/glabs.me\\\/hu\\\/#organization\"},\"potentialAction\":[{\"@type\":\"SearchAction\",\"target\":{\"@type\":\"EntryPoint\",\"urlTemplate\":\"https:\\\/\\\/glabs.me\\\/hu\\\/?s={search_term_string}\"},\"query-input\":{\"@type\":\"PropertyValueSpecification\",\"valueRequired\":true,\"valueName\":\"search_term_string\"}}],\"inLanguage\":\"hu\"},{\"@type\":\"Organization\",\"@id\":\"https:\\\/\\\/glabs.me\\\/hu\\\/#organization\",\"name\":\"GLABs LSS\",\"alternateName\":\"GLABs\",\"url\":\"https:\\\/\\\/glabs.me\\\/hu\\\/\",\"logo\":{\"@type\":\"ImageObject\",\"inLanguage\":\"hu\",\"@id\":\"https:\\\/\\\/glabs.me\\\/hu\\\/#\\\/schema\\\/logo\\\/image\\\/\",\"url\":\"https:\\\/\\\/dev-glabsme.srv1.clbr.hu\\\/wp-content\\\/uploads\\\/2022\\\/06\\\/GLABs.svg\",\"contentUrl\":\"https:\\\/\\\/dev-glabsme.srv1.clbr.hu\\\/wp-content\\\/uploads\\\/2022\\\/06\\\/GLABs.svg\",\"width\":\"68\",\"height\":\"35\",\"caption\":\"GLABs LSS\"},\"image\":{\"@id\":\"https:\\\/\\\/glabs.me\\\/hu\\\/#\\\/schema\\\/logo\\\/image\\\/\"},\"sameAs\":[\"https:\\\/\\\/www.facebook.com\\\/GLABs.software\",\"https:\\\/\\\/www.youtube.com\\\/@GLABs\",\"https:\\\/\\\/www.linkedin.com\\\/company\\\/glabs\\\/\"]},{\"@type\":\"Person\",\"@id\":\"https:\\\/\\\/glabs.me\\\/hu\\\/#\\\/schema\\\/person\\\/a3b785b09d1f3c6af28ea26e660b3c72\",\"name\":\"Fanni Csiki\",\"sameAs\":[\"https:\\\/\\\/glbas.me\"],\"url\":\"https:\\\/\\\/glabs.me\\\/hu\\\/author\\\/csikif\\\/\"}]}<\/script>\n<!-- \/ Yoast SEO plugin. -->","yoast_head_json":{"title":"Az \u00e9v logisztikai esem\u00e9nye, 25. MLBKT kongresszus si\u00f3fok - GLABs - Rakod\u00e1s Management Megold\u00e1sok","robots":{"index":"index","follow":"follow","max-snippet":"max-snippet:-1","max-image-preview":"max-image-preview:large","max-video-preview":"max-video-preview:-1"},"canonical":"https:\/\/glabs.me\/hu\/az-ev-logisztikai-esemenye-25-mlbkt-kongresszus-siofok\/","og_locale":"hu_HU","og_type":"article","og_title":"Az \u00e9v logisztikai esem\u00e9nye, 25. MLBKT kongresszus si\u00f3fok - GLABs - Rakod\u00e1s Management Megold\u00e1sok","og_description":"A GLABs Online Id\u0151kapu egyik k\u00e9pvisel\u0151je is r\u00e9szt vett a 25. alkalommal megrendezett MLBKT Kongresszus\u00e1n, Si\u00f3fokon, ahol a logisztikai szakma k\u00e9pvisel\u0151i t\u00f6bb, mint 600-an vettek r\u00e9szt. Olyan sz\u00ednvonalas, \u00faj szeml\u00e9let m\u00f3dokat, \u00faj megold\u00e1sokat bemutat\u00f3 el\u0151ad\u00e1sokon vehett\u00fcnk r\u00e9szt, a teljess\u00e9g ig\u00e9nye n\u00e9lk\u00fcl, mint: A fels\u0151vezet\u0151k szerepe egy digitaliz\u00e1lt vil\u00e1gban 21. sz\u00e1zadi fuvarszervez\u00e9s telematikai t\u00e1mogat\u00e1ssal Logisztikai kih\u00edv\u00e1sok&hellip;","og_url":"https:\/\/glabs.me\/hu\/az-ev-logisztikai-esemenye-25-mlbkt-kongresszus-siofok\/","og_site_name":"GLABs - Rakod\u00e1s Management Megold\u00e1sok","article_publisher":"https:\/\/www.facebook.com\/GLABs.software","article_published_time":"2017-01-12T06:00:17+00:00","article_modified_time":"2025-06-18T08:23:51+00:00","og_image":[{"width":2048,"height":1152,"url":"https:\/\/glabs.me\/wp-content\/uploads\/2022\/06\/image-5.webp","type":"image\/webp"}],"author":"Fanni Csiki","twitter_card":"summary_large_image","twitter_misc":{"Szerz\u0151:":"Fanni Csiki","Becs\u00fclt olvas\u00e1si id\u0151":"1 perc"},"schema":{"@context":"https:\/\/schema.org","@graph":[{"@type":"Article","@id":"https:\/\/glabs.me\/hu\/az-ev-logisztikai-esemenye-25-mlbkt-kongresszus-siofok\/#article","isPartOf":{"@id":"https:\/\/glabs.me\/hu\/az-ev-logisztikai-esemenye-25-mlbkt-kongresszus-siofok\/"},"author":{"name":"Fanni Csiki","@id":"https:\/\/glabs.me\/hu\/#\/schema\/person\/a3b785b09d1f3c6af28ea26e660b3c72"},"headline":"Az \u00e9v logisztikai esem\u00e9nye, 25. MLBKT kongresszus si\u00f3fok","datePublished":"2017-01-12T06:00:17+00:00","dateModified":"2025-06-18T08:23:51+00:00","mainEntityOfPage":{"@id":"https:\/\/glabs.me\/hu\/az-ev-logisztikai-esemenye-25-mlbkt-kongresszus-siofok\/"},"wordCount":286,"publisher":{"@id":"https:\/\/glabs.me\/hu\/#organization"},"image":{"@id":"https:\/\/glabs.me\/hu\/az-ev-logisztikai-esemenye-25-mlbkt-kongresszus-siofok\/#primaryimage"},"thumbnailUrl":"https:\/\/glabs.me\/wp-content\/uploads\/2022\/06\/image-5.webp","keywords":["id\u0151kapu","logisztikai megold\u00e1sok","MLBKT","online id\u0151kapu"],"articleSection":["H\u00edrek"],"inLanguage":"hu"},{"@type":"WebPage","@id":"https:\/\/glabs.me\/hu\/az-ev-logisztikai-esemenye-25-mlbkt-kongresszus-siofok\/","url":"https:\/\/glabs.me\/hu\/az-ev-logisztikai-esemenye-25-mlbkt-kongresszus-siofok\/","name":"Az \u00e9v logisztikai esem\u00e9nye, 25. MLBKT kongresszus si\u00f3fok - GLABs - Rakod\u00e1s Management Megold\u00e1sok","isPartOf":{"@id":"https:\/\/glabs.me\/hu\/#website"},"primaryImageOfPage":{"@id":"https:\/\/glabs.me\/hu\/az-ev-logisztikai-esemenye-25-mlbkt-kongresszus-siofok\/#primaryimage"},"image":{"@id":"https:\/\/glabs.me\/hu\/az-ev-logisztikai-esemenye-25-mlbkt-kongresszus-siofok\/#primaryimage"},"thumbnailUrl":"https:\/\/glabs.me\/wp-content\/uploads\/2022\/06\/image-5.webp","datePublished":"2017-01-12T06:00:17+00:00","dateModified":"2025-06-18T08:23:51+00:00","breadcrumb":{"@id":"https:\/\/glabs.me\/hu\/az-ev-logisztikai-esemenye-25-mlbkt-kongresszus-siofok\/#breadcrumb"},"inLanguage":"hu","potentialAction":[{"@type":"ReadAction","target":["https:\/\/glabs.me\/hu\/az-ev-logisztikai-esemenye-25-mlbkt-kongresszus-siofok\/"]}]},{"@type":"ImageObject","inLanguage":"hu","@id":"https:\/\/glabs.me\/hu\/az-ev-logisztikai-esemenye-25-mlbkt-kongresszus-siofok\/#primaryimage","url":"https:\/\/glabs.me\/wp-content\/uploads\/2022\/06\/image-5.webp","contentUrl":"https:\/\/glabs.me\/wp-content\/uploads\/2022\/06\/image-5.webp","width":2048,"height":1152},{"@type":"BreadcrumbList","@id":"https:\/\/glabs.me\/hu\/az-ev-logisztikai-esemenye-25-mlbkt-kongresszus-siofok\/#breadcrumb","itemListElement":[{"@type":"ListItem","position":1,"name":"Kezd\u0151lap","item":"https:\/\/glabs.me\/hu\/"},{"@type":"ListItem","position":2,"name":"Az \u00e9v logisztikai esem\u00e9nye, 25. MLBKT kongresszus si\u00f3fok"}]},{"@type":"WebSite","@id":"https:\/\/glabs.me\/hu\/#website","url":"https:\/\/glabs.me\/hu\/","name":"GLABs - Rakod\u00e1s Management Megold\u00e1sok","description":"","publisher":{"@id":"https:\/\/glabs.me\/hu\/#organization"},"potentialAction":[{"@type":"SearchAction","target":{"@type":"EntryPoint","urlTemplate":"https:\/\/glabs.me\/hu\/?s={search_term_string}"},"query-input":{"@type":"PropertyValueSpecification","valueRequired":true,"valueName":"search_term_string"}}],"inLanguage":"hu"},{"@type":"Organization","@id":"https:\/\/glabs.me\/hu\/#organization","name":"GLABs LSS","alternateName":"GLABs","url":"https:\/\/glabs.me\/hu\/","logo":{"@type":"ImageObject","inLanguage":"hu","@id":"https:\/\/glabs.me\/hu\/#\/schema\/logo\/image\/","url":"https:\/\/dev-glabsme.srv1.clbr.hu\/wp-content\/uploads\/2022\/06\/GLABs.svg","contentUrl":"https:\/\/dev-glabsme.srv1.clbr.hu\/wp-content\/uploads\/2022\/06\/GLABs.svg","width":"68","height":"35","caption":"GLABs LSS"},"image":{"@id":"https:\/\/glabs.me\/hu\/#\/schema\/logo\/image\/"},"sameAs":["https:\/\/www.facebook.com\/GLABs.software","https:\/\/www.youtube.com\/@GLABs","https:\/\/www.linkedin.com\/company\/glabs\/"]},{"@type":"Person","@id":"https:\/\/glabs.me\/hu\/#\/schema\/person\/a3b785b09d1f3c6af28ea26e660b3c72","name":"Fanni Csiki","sameAs":["https:\/\/glbas.me"],"url":"https:\/\/glabs.me\/hu\/author\/csikif\/"}]}},"_links":{"self":[{"href":"https:\/\/glabs.me\/hu\/wp-json\/wp\/v2\/posts\/146","targetHints":{"allow":["GET"]}}],"collection":[{"href":"https:\/\/glabs.me\/hu\/wp-json\/wp\/v2\/posts"}],"about":[{"href":"https:\/\/glabs.me\/hu\/wp-json\/wp\/v2\/types\/post"}],"author":[{"embeddable":true,"href":"https:\/\/glabs.me\/hu\/wp-json\/wp\/v2\/users\/3"}],"replies":[{"embeddable":true,"href":"https:\/\/glabs.me\/hu\/wp-json\/wp\/v2\/comments?post=146"}],"version-history":[{"count":1,"href":"https:\/\/glabs.me\/hu\/wp-json\/wp\/v2\/posts\/146\/revisions"}],"predecessor-version":[{"id":8141,"href":"https:\/\/glabs.me\/hu\/wp-json\/wp\/v2\/posts\/146\/revisions\/8141"}],"wp:featuredmedia":[{"embeddable":true,"href":"https:\/\/glabs.me\/hu\/wp-json\/wp\/v2\/media\/147"}],"wp:attachment":[{"href":"https:\/\/glabs.me\/hu\/wp-json\/wp\/v2\/media?parent=146"}],"wp:term":[{"taxonomy":"category","embeddable":true,"href":"https:\/\/glabs.me\/hu\/wp-json\/wp\/v2\/categories?post=146"},{"taxonomy":"post_tag","embeddable":true,"href":"https:\/\/glabs.me\/hu\/wp-json\/wp\/v2\/tags?post=146"}],"curies":[{"name":"wp","href":"https:\/\/api.w.org\/{rel}","templated":true}]}}